{"id":80627,"date":"2025-05-23T13:29:00","date_gmt":"2025-05-23T19:29:00","guid":{"rendered":"https:\/\/zonaroja.com.mx\/?p=80627"},"modified":"2025-05-23T08:30:04","modified_gmt":"2025-05-23T14:30:04","slug":"el-corredor-interoceanico-del-istmo-muestra-exitosa-de-polos-de-desarrollo","status":"publish","type":"post","link":"https:\/\/zonaroja.com.mx\/?p=80627","title":{"rendered":"El Corredor Interoce\u00e1nico del Istmo, muestra exitosa de polos de desarrollo"},"content":{"rendered":"\n<p>Redacci\u00f3n\/Zona Roja Cdmx.<\/p>\n\n\n\n<p>Ciudad de M\u00e9xico, a 23 de mayo de 2025.- El senador Antonino Morales dio la bienvenida a la creaci\u00f3n de los nuevos polos de desarrollo anunciados por la presidenta Claudia Sheinbaum, quien confirm\u00f3 que en los pr\u00f3ximos d\u00edas saldr\u00e1n las licitaciones para los Polos de Desarrollo Tapachula I, Tapachula II y Teapa que forman parte del Corredor Interoce\u00e1nico del Istmo de Tehuantepec (CIIT).&nbsp;<\/p>\n\n\n\n<p>El presidente de la Comisi\u00f3n de Seguimiento e Impulso al Corredor Interoce\u00e1nico del Istmo de Tehuantepec dijo que el Senado est\u00e1 listo para compartir la experiencia exitosa que ha habido en este desarrollo, el cual permiti\u00f3 a Oaxaca posicionarse en el top del crecimiento industrial del pa\u00eds.<\/p>\n\n\n\n<p>Inform\u00f3 que, pese a la turbulencia en los mercados generada por decisiones en el gobierno estadounidense, el Corredor Interoce\u00e1nico avanza sin contratiempos y la semana pasada concluy\u00f3 con \u00e9xito la descarga de ocho locomotoras y diez vagones de pasajeros en el puerto de Coatzacoalcos, procedentes de Great Yarmouth, Inglaterra, que formar\u00e1n parte del Ferrocarril Interoce\u00e1nico.<\/p>\n\n\n\n<p>Subray\u00f3 que en el marco de la pr\u00f3xima revisi\u00f3n del TMEC, el Corredor Interoce\u00e1nico se convierte en una \u201ccarta fuerte\u201d, como han denominado los expertos, porque su ubicaci\u00f3n estrat\u00e9gica que une los oc\u00e9anos Pac\u00edfico y el Atl\u00e1ntico, mejora y agiliza las exportaciones hacia el sur de Estados Unidos, Europa y Asia con mejores costos y menos tiempo que el Canal de Panam\u00e1.<\/p>\n\n\n\n<p>\u201cM\u00e9xico se ha colocado como uno de los principales pa\u00edses para invertir con cifras hist\u00f3ricas que alcanzan los 21.4 miles de millones de d\u00f3lares y los estados que forman parte del Corredor Interoce\u00e1nico est\u00e1n recibiendo parte de esa inversi\u00f3n, que permitir\u00e1 generar desarrollo y miles de empleos en una de las zonas m\u00e1s pobres del pa\u00eds\u201d, apunt\u00f3 el legislador.<\/p>\n\n\n\n<p>Dijo que, desde el Senado, la comisi\u00f3n que preside est\u00e1 en condiciones de compartir la experiencia en el desarrollo de los polos que conforman el Corredor Interoce\u00e1nico del Istmo de Tehuantepec, que ya est\u00e1 siendo considerado por organismos internacionales del transporte de la OCDE como parte de un plan de conexi\u00f3n ferroviaria con seis pa\u00edses centroamericanos.<\/p>\n\n\n\n<p>\u201cSe tiene previsto que para el a\u00f1o entrante est\u00e9n listas y en operaci\u00f3n las l\u00edneas que conforman el Ferrocarril Interoce\u00e1nico y las obras portuarias, como el Puerto de Salina Cruz con su rompeolas de mil 600 metros, lo que permitir\u00e1 el despegue de los estados de Oaxaca, Veracruz, Chiapas, Tabasco con inversiones frescas y condiciones de seguridad y gobernabilidad\u201d.<\/p>\n\n\n\n<p>Por lo que toca a las licitaciones pendientes en Tapachula I y Tapachula II, en Chiapas, el senador Antonino Morales puntualiz\u00f3 que \u00e9stas tendr\u00e1n vocaci\u00f3n para desarrollar actividades productivas en materia el\u00e9ctrica y electr\u00f3nica, de semiconductores, automotriz (electromovilidad), autopartes y equipo de transporte, dispositivos m\u00e9dicos, farmac\u00e9utica, agroindustria, equipo de generaci\u00f3n y distribuci\u00f3n de energ\u00eda el\u00e9ctrica (energ\u00edas limpias), maquinaria y equipo, metales, petroqu\u00edmica, entre otras.<\/p>\n","protected":false},"excerpt":{"rendered":"<p>Redacci\u00f3n\/Zona Roja Cdmx. Ciudad de M\u00e9xico, a 23 de mayo de 2025.- El senador Antonino&hellip;<\/p>\n","protected":false},"author":2,"featured_media":80628,"comment_status":"closed","ping_status":"open","sticky":false,"template":"","format":"standard","meta":{"_lmt_disableupdate":"","_lmt_disable":"","_jetpack_memberships_contains_paid_content":false,"footnotes":""},"categories":[109,46],"tags":[180],"class_list":["post-80627","post","type-post","status-publish","format-standard","has-post-thumbnail","hentry","category-minuto-a-minuto","category-zona-blanca","tag-antonino-morales-toledo"],"jetpack_featured_media_url":"https:\/\/zonaroja.com.mx\/wp-content\/uploads\/2025\/05\/Antonino-Morales-1.jpeg","jetpack_sharing_enabled":true,"_links":{"self":[{"href":"https:\/\/zonaroja.com.mx\/index.php?rest_route=\/wp\/v2\/posts\/80627","targetHints":{"allow":["GET"]}}],"collection":[{"href":"https:\/\/zonaroja.com.mx\/index.php?rest_route=\/wp\/v2\/posts"}],"about":[{"href":"https:\/\/zonaroja.com.mx\/index.php?rest_route=\/wp\/v2\/types\/post"}],"author":[{"embeddable":true,"href":"https:\/\/zonaroja.com.mx\/index.php?rest_route=\/wp\/v2\/users\/2"}],"replies":[{"embeddable":true,"href":"https:\/\/zonaroja.com.mx\/index.php?rest_route=%2Fwp%2Fv2%2Fcomments&post=80627"}],"version-history":[{"count":1,"href":"https:\/\/zonaroja.com.mx\/index.php?rest_route=\/wp\/v2\/posts\/80627\/revisions"}],"predecessor-version":[{"id":80629,"href":"https:\/\/zonaroja.com.mx\/index.php?rest_route=\/wp\/v2\/posts\/80627\/revisions\/80629"}],"wp:featuredmedia":[{"embeddable":true,"href":"https:\/\/zonaroja.com.mx\/index.php?rest_route=\/wp\/v2\/media\/80628"}],"wp:attachment":[{"href":"https:\/\/zonaroja.com.mx\/index.php?rest_route=%2Fwp%2Fv2%2Fmedia&parent=80627"}],"wp:term":[{"taxonomy":"category","embeddable":true,"href":"https:\/\/zonaroja.com.mx\/index.php?rest_route=%2Fwp%2Fv2%2Fcategories&post=80627"},{"taxonomy":"post_tag","embeddable":true,"href":"https:\/\/zonaroja.com.mx\/index.php?rest_route=%2Fwp%2Fv2%2Ftags&post=80627"}],"curies":[{"name":"wp","href":"https:\/\/api.w.org\/{rel}","templated":true}]}}