{"id":80630,"date":"2025-05-23T12:30:01","date_gmt":"2025-05-23T18:30:01","guid":{"rendered":"https:\/\/zonaroja.com.mx\/?p=80630"},"modified":"2025-05-23T12:30:01","modified_gmt":"2025-05-23T18:30:01","slug":"ejecutan-a-balazos-con-ak-47-a-individuo-en-santiago-jamiltepec","status":"publish","type":"post","link":"https:\/\/zonaroja.com.mx\/?p=80630","title":{"rendered":"Ejecutan a balazos con AK-47 a individuo en Santiago Jamiltepec"},"content":{"rendered":"\n<p>Raymundo Morales\/Zona Roja.&nbsp;<\/p>\n\n\n\n<p>Oaxaca, Oax., a 23 de mayo de 2025.- Una persona del sexo masculino fue ejecutada a balazos la tarde de ayer en el municipio coste\u00f1o de Santiago Jamiltepec.&nbsp;<\/p>\n\n\n\n<p>En la zona los agentes de investigaci\u00f3n hallaron m\u00faltiples casquillos percutidos de un arma AK-47, de las conocidas como \u201cCuerno de chivo\u201d.<\/p>\n\n\n\n<p>La v\u00edctima fue identificada como Jos\u00e9 \u00c1ngel G., alias \u201cEl Chepe\u201d, y presuntamente est\u00e1 ligado a grupos de la delincuencia organizada en la zona.<\/p>\n\n\n\n<p>Personal de la Vicefiscal\u00eda Regional de la Costa, dependiente de la Fiscal\u00eda General del Estado de Oaxaca inici\u00f3 las indagatorias correspondientes.&nbsp;<\/p>\n\n\n\n<p>Por otra parte, este viernes se report\u00f3 el asesinato de otra persona en la misma zona coste\u00f1a pero hasta el momento no ha sido confirmado con reportes oficiales.&nbsp;<\/p>\n","protected":false},"excerpt":{"rendered":"<p>Raymundo Morales\/Zona Roja.&nbsp; Oaxaca, Oax., a 23 de mayo de 2025.- Una persona del sexo&hellip;<\/p>\n","protected":false},"author":2,"featured_media":74948,"comment_status":"closed","ping_status":"open","sticky":false,"template":"","format":"standard","meta":{"_lmt_disableupdate":"","_lmt_disable":"","_jetpack_memberships_contains_paid_content":false,"footnotes":""},"categories":[109,51],"tags":[],"class_list":["post-80630","post","type-post","status-publish","format-standard","has-post-thumbnail","hentry","category-minuto-a-minuto","category-zona-roja"],"jetpack_featured_media_url":"https:\/\/zonaroja.com.mx\/wp-content\/uploads\/2024\/11\/Escena-violencia-asesinato-crimen.jpg","jetpack_sharing_enabled":true,"_links":{"self":[{"href":"https:\/\/zonaroja.com.mx\/index.php?rest_route=\/wp\/v2\/posts\/80630","targetHints":{"allow":["GET"]}}],"collection":[{"href":"https:\/\/zonaroja.com.mx\/index.php?rest_route=\/wp\/v2\/posts"}],"about":[{"href":"https:\/\/zonaroja.com.mx\/index.php?rest_route=\/wp\/v2\/types\/post"}],"author":[{"embeddable":true,"href":"https:\/\/zonaroja.com.mx\/index.php?rest_route=\/wp\/v2\/users\/2"}],"replies":[{"embeddable":true,"href":"https:\/\/zonaroja.com.mx\/index.php?rest_route=%2Fwp%2Fv2%2Fcomments&post=80630"}],"version-history":[{"count":1,"href":"https:\/\/zonaroja.com.mx\/index.php?rest_route=\/wp\/v2\/posts\/80630\/revisions"}],"predecessor-version":[{"id":80631,"href":"https:\/\/zonaroja.com.mx\/index.php?rest_route=\/wp\/v2\/posts\/80630\/revisions\/80631"}],"wp:featuredmedia":[{"embeddable":true,"href":"https:\/\/zonaroja.com.mx\/index.php?rest_route=\/wp\/v2\/media\/74948"}],"wp:attachment":[{"href":"https:\/\/zonaroja.com.mx\/index.php?rest_route=%2Fwp%2Fv2%2Fmedia&parent=80630"}],"wp:term":[{"taxonomy":"category","embeddable":true,"href":"https:\/\/zonaroja.com.mx\/index.php?rest_route=%2Fwp%2Fv2%2Fcategories&post=80630"},{"taxonomy":"post_tag","embeddable":true,"href":"https:\/\/zonaroja.com.mx\/index.php?rest_route=%2Fwp%2Fv2%2Ftags&post=80630"}],"curies":[{"name":"wp","href":"https:\/\/api.w.org\/{rel}","templated":true}]}}