{"id":80632,"date":"2025-05-23T20:04:35","date_gmt":"2025-05-24T02:04:35","guid":{"rendered":"https:\/\/zonaroja.com.mx\/?p=80632"},"modified":"2025-05-23T20:04:39","modified_gmt":"2025-05-24T02:04:39","slug":"confirman-tres-detenidos-en-oaxaca-capital-tras-asalto-y-balacera","status":"publish","type":"post","link":"https:\/\/zonaroja.com.mx\/?p=80632","title":{"rendered":"Confirman tres detenidos en Oaxaca capital, tras asalto y balacera\u00a0"},"content":{"rendered":"\n<p>Redacci\u00f3n\/Zona Roja.<\/p>\n\n\n\n<p>Oaxaca, Oax., a 23 de mayo de 2025.- La reacci\u00f3n inmediata de la Polic\u00eda Municipal de Oaxaca y de la Polic\u00eda Estatal, as\u00ed como la coordinaci\u00f3n con la Fiscal\u00eda General del Estado de Oaxaca (FGEO), a trav\u00e9s del Mando de Coordinaci\u00f3n de Seguridad Metropolitana, permitieron la detenci\u00f3n de tres personas.<\/p>\n\n\n\n<p>Dos son originarios de la Ciudad de M\u00e9xico y uno m\u00e1s del Estado de M\u00e9xico, quienes est\u00e1n se\u00f1alados de participar en un asalto registrado la tarde de este viernes 23 de mayo de 2025, en calles de la colonia Reforma, en el norte de la capital de la entidad.<\/p>\n\n\n\n<p>\u201cGracias a la de la r\u00e1pida intervenci\u00f3n de la Polic\u00eda Municipal de Oaxaca de Ju\u00e1rez y la Polic\u00eda Estatal, en coordinaci\u00f3n con elementos de la Agencia Estatal de Investigaciones de la FGEO, as\u00ed como la participaci\u00f3n del Centro de Control, Comando y Comunicaci\u00f3n (C4), se realizaron los trabajos de campo sobre la calzada Porfirio D\u00edaz y alrededores, que permitieron la detenci\u00f3n de tres personas de sexo masculino, quienes quedaron a disposici\u00f3n del Ministerio P\u00fablico que se encarga de los trabajos para establecer su nivel de involucramiento en el asalto\u201d, confirm\u00f3 el fiscal de Oaxaca, Bernardo Rodr\u00edguez Alamilla.<\/p>\n\n\n\n<p>La Fiscal\u00eda General del Estado de Oaxaca inici\u00f3 las investigaciones y labores ministeriales correspondientes, luego de tomar conocimiento de estos hechos ocurridos en la colonia Reforma, de la ciudad de Oaxaca de Ju\u00e1rez, en los que una persona fue v\u00edctima de robo con violencia.<\/p>\n\n\n\n<p>\u201cEn el lugar de los hechos se llevan a cabo los primeros actos de investigaci\u00f3n para contar con los elementos para delinear de manera s\u00f3lida las l\u00edneas de investigaci\u00f3n en torno al caso, por lo que se realiz\u00f3 el aseguramiento de cinco lugares en donde se encontraron casquillos de arma de fuego, junto con la detenci\u00f3n de tres personas\u201d, detall\u00f3 el Fiscal General del Estado de Oaxaca, Bernardo Rodr\u00edguez Alamilla.<\/p>\n\n\n\n<p>La Fiscal\u00eda de Oaxaca se ci\u00f1e a protocolos de investigaci\u00f3n criminal que cumplen con los est\u00e1ndares internacionales de procuraci\u00f3n de justicia para que las v\u00edctimas directas e indirectas tengan pleno acceso a la justicia.<\/p>\n\n\n\n<figure class=\"wp-block-embed is-type-rich is-provider-twitter wp-block-embed-twitter\"><div class=\"wp-block-embed__wrapper\">\n<div class=\"twitter-tweet\"><blockquote class=\"twitter-tweet\" data-lang=\"es\"><p lang=\"es\" dir=\"ltr\">Luego de encabezar las acciones de investigaci\u00f3n, tras la balacera en la calzada Porfirio D\u00edaz, colonia Reforma de la ciudad de Oaxaca, el titular de la <a href=\"https:\/\/twitter.com\/FISCALIA_GobOax?ref_src=twsrc%5Etfw\">@FISCALIA_GobOax<\/a>, <a href=\"https:\/\/twitter.com\/FiscalOaxaca?ref_src=twsrc%5Etfw\">@FiscalOaxaca<\/a>, confirm\u00f3 la detenci\u00f3n de tres personas, algunas no originarias del estado,  as\u00ed como un\u2026 <a href=\"https:\/\/t.co\/KqfViwvOyu\">pic.twitter.com\/KqfViwvOyu<\/a><\/p>&mdash; Zona Roja Oaxaca (@ZonaRoja_Oaxaca) <a href=\"https:\/\/twitter.com\/ZonaRoja_Oaxaca\/status\/1926023387979075808?ref_src=twsrc%5Etfw\">23 de mayo de 2025<\/a><\/blockquote><\/div>\n<\/div><\/figure>\n","protected":false},"excerpt":{"rendered":"<p>Redacci\u00f3n\/Zona Roja. Oaxaca, Oax., a 23 de mayo de 2025.- La reacci\u00f3n inmediata de la&hellip;<\/p>\n","protected":false},"author":2,"featured_media":80633,"comment_status":"closed","ping_status":"open","sticky":false,"template":"","format":"standard","meta":{"_lmt_disableupdate":"","_lmt_disable":"","_jetpack_memberships_contains_paid_content":false,"footnotes":""},"categories":[109,46],"tags":[494],"class_list":["post-80632","post","type-post","status-publish","format-standard","has-post-thumbnail","hentry","category-minuto-a-minuto","category-zona-blanca","tag-fiscalia-general-del-estado-de-oaxaca"],"jetpack_featured_media_url":"https:\/\/zonaroja.com.mx\/wp-content\/uploads\/2025\/05\/ASalto-y-balacera-ciudad-de-Oaxaca.jpg","jetpack_sharing_enabled":true,"_links":{"self":[{"href":"https:\/\/zonaroja.com.mx\/index.php?rest_route=\/wp\/v2\/posts\/80632","targetHints":{"allow":["GET"]}}],"collection":[{"href":"https:\/\/zonaroja.com.mx\/index.php?rest_route=\/wp\/v2\/posts"}],"about":[{"href":"https:\/\/zonaroja.com.mx\/index.php?rest_route=\/wp\/v2\/types\/post"}],"author":[{"embeddable":true,"href":"https:\/\/zonaroja.com.mx\/index.php?rest_route=\/wp\/v2\/users\/2"}],"replies":[{"embeddable":true,"href":"https:\/\/zonaroja.com.mx\/index.php?rest_route=%2Fwp%2Fv2%2Fcomments&post=80632"}],"version-history":[{"count":1,"href":"https:\/\/zonaroja.com.mx\/index.php?rest_route=\/wp\/v2\/posts\/80632\/revisions"}],"predecessor-version":[{"id":80634,"href":"https:\/\/zonaroja.com.mx\/index.php?rest_route=\/wp\/v2\/posts\/80632\/revisions\/80634"}],"wp:featuredmedia":[{"embeddable":true,"href":"https:\/\/zonaroja.com.mx\/index.php?rest_route=\/wp\/v2\/media\/80633"}],"wp:attachment":[{"href":"https:\/\/zonaroja.com.mx\/index.php?rest_route=%2Fwp%2Fv2%2Fmedia&parent=80632"}],"wp:term":[{"taxonomy":"category","embeddable":true,"href":"https:\/\/zonaroja.com.mx\/index.php?rest_route=%2Fwp%2Fv2%2Fcategories&post=80632"},{"taxonomy":"post_tag","embeddable":true,"href":"https:\/\/zonaroja.com.mx\/index.php?rest_route=%2Fwp%2Fv2%2Ftags&post=80632"}],"curies":[{"name":"wp","href":"https:\/\/api.w.org\/{rel}","templated":true}]}}