{"id":80635,"date":"2025-05-23T21:09:50","date_gmt":"2025-05-24T03:09:50","guid":{"rendered":"https:\/\/zonaroja.com.mx\/?p=80635"},"modified":"2025-05-23T21:09:52","modified_gmt":"2025-05-24T03:09:52","slug":"llega-a-putla-villa-de-guerrero-el-foro-por-una-justicia-mas-democratica","status":"publish","type":"post","link":"https:\/\/zonaroja.com.mx\/?p=80635","title":{"rendered":"Llega a Putla Villa de Guerrero el foro \u00abPor una justicia m\u00e1s democr\u00e1tica\u00bb\u00a0"},"content":{"rendered":"\n<p>Raymundo Morales\/Zona Roja.<\/p>\n\n\n\n<p>Oaxaca, Oax., a 23 de mayo de 202.- El foro \u201cPor una justicia m\u00e1s democr\u00e1tica\u201d&nbsp; se llev\u00f3 a cabo en Putla Villa de Guerrero, con el prop\u00f3sito de difundir la jornada del pr\u00f3ximo 1 de junio y despejar dudas acerca de la forma en que se deber\u00e1 votar.<\/p>\n\n\n\n<p>El encuentro fue coordinado por el contador p\u00fablico Alberto Fierro Olivera, quien extern\u00f3 que muchas personas se encuentran preocupadas y con interrogantes por la pr\u00f3xima jornada electoral en la que se elegir\u00e1n a jueces, magistrados y ministros.<\/p>\n\n\n\n<p>Durante las ponencias, el licenciado Sandro Mu\u00f1oz Hern\u00e1ndez expuso la importancia y los cambios de la nueva Reforma Judicial y la forma en la que impactar\u00e1 la decisi\u00f3n de elegir al nuevo sistema de justicia en M\u00e9xico.<\/p>\n\n\n\n<p>\u00abAhora lo que se requiere es que se elijan a los mejores perfiles, aquellos que cuentan con la experiencia y conocimiento para desempe\u00f1ar los puestos a elegir\u201d, dijo.<\/p>\n\n\n\n<p>Por su parte, el empresario Germ\u00e1n Simancas Bautista envi\u00f3 un mensaje a trav\u00e9s del profesor Bernab\u00e9 Trujillo, quien dijo que \u00abes momento de que el pueblo sea quien conozca y elija a quienes vana impartir justicia\u00bb.<\/p>\n\n\n\n<p>As\u00ed mismo, Simancas Bautista se inclino por el perfil de la ahora magistrada Yasm\u00edn Esquivel Mossa como una de las mejor posicionadas ante la sociedad para ser la pr\u00f3xima presidenta de la Suprema Corte de Justicia.<\/p>\n\n\n\n<p>En el foro \u00abPor una justicia m\u00e1s democr\u00e1tica\u00bb, tambi\u00e9n se presentaron representantes de candidatos a jueces, magistrados y ministros quienes presentaron su sentir ante la pr\u00f3xima elecci\u00f3n.<\/p>\n\n\n\n<p>Dentro de los candidatos representados se encuentran la maestra Norma Gonz\u00e1lez Jim\u00e9nez, candidata a candidata ind\u00edgena a magistrada de circuito del Tribunal Colegiado de Apelaci\u00f3n Mixto; la maestra Xareni Hern\u00e1ndez Garc\u00eda, candidata a jueza de distrito en materia mixta; al maestro Edgar Filem\u00f3n Luna Cruz, candidato a magistrado de circuito en materia penal y del trabajo, la maestra Brisa Albores Medina, candidata a magistrada en materia penal y de trabajo, as\u00ed como del doctor Jose Antonio Alvarez Hern\u00e1ndez, aspirante a magistrado del Tribunal Colegiado en materia civil y administrativa.<\/p>\n\n\n\n<p>De igual manera, se presentaron representantes de la maestra Roc\u00edo Chong Velasquez, candidata a magistrada por el d\u00e9cimo tercer circuito en materia penal y trabajo; el maestro Andr\u00e9 Manuel Jim\u00e9nez Jim\u00e9nez, candidato a magistrado materias penal y del trabajo; la licenciada Blanca Azucena Osorio Villanueva, candidata a Jueza de Distrito en materia Mixta, as\u00ed como de la maestra Berenice Ram\u00edrez Jim\u00e9nez candidata a magistrada Administrativa Civil D\u00e9cimo Tercer Circuito.<\/p>\n","protected":false},"excerpt":{"rendered":"<p>Raymundo Morales\/Zona Roja. Oaxaca, Oax., a 23 de mayo de 202.- El foro \u201cPor una&hellip;<\/p>\n","protected":false},"author":2,"featured_media":80636,"comment_status":"closed","ping_status":"open","sticky":false,"template":"","format":"standard","meta":{"_lmt_disableupdate":"","_lmt_disable":"","_jetpack_memberships_contains_paid_content":false,"footnotes":""},"categories":[109,46],"tags":[4291],"class_list":["post-80635","post","type-post","status-publish","format-standard","has-post-thumbnail","hentry","category-minuto-a-minuto","category-zona-blanca","tag-eleccion-judicial-mexico"],"jetpack_featured_media_url":"https:\/\/zonaroja.com.mx\/wp-content\/uploads\/2025\/05\/Foro-justicia-Putla-Villa-de-guerrero.jpg","jetpack_sharing_enabled":true,"_links":{"self":[{"href":"https:\/\/zonaroja.com.mx\/index.php?rest_route=\/wp\/v2\/posts\/80635","targetHints":{"allow":["GET"]}}],"collection":[{"href":"https:\/\/zonaroja.com.mx\/index.php?rest_route=\/wp\/v2\/posts"}],"about":[{"href":"https:\/\/zonaroja.com.mx\/index.php?rest_route=\/wp\/v2\/types\/post"}],"author":[{"embeddable":true,"href":"https:\/\/zonaroja.com.mx\/index.php?rest_route=\/wp\/v2\/users\/2"}],"replies":[{"embeddable":true,"href":"https:\/\/zonaroja.com.mx\/index.php?rest_route=%2Fwp%2Fv2%2Fcomments&post=80635"}],"version-history":[{"count":1,"href":"https:\/\/zonaroja.com.mx\/index.php?rest_route=\/wp\/v2\/posts\/80635\/revisions"}],"predecessor-version":[{"id":80637,"href":"https:\/\/zonaroja.com.mx\/index.php?rest_route=\/wp\/v2\/posts\/80635\/revisions\/80637"}],"wp:featuredmedia":[{"embeddable":true,"href":"https:\/\/zonaroja.com.mx\/index.php?rest_route=\/wp\/v2\/media\/80636"}],"wp:attachment":[{"href":"https:\/\/zonaroja.com.mx\/index.php?rest_route=%2Fwp%2Fv2%2Fmedia&parent=80635"}],"wp:term":[{"taxonomy":"category","embeddable":true,"href":"https:\/\/zonaroja.com.mx\/index.php?rest_route=%2Fwp%2Fv2%2Fcategories&post=80635"},{"taxonomy":"post_tag","embeddable":true,"href":"https:\/\/zonaroja.com.mx\/index.php?rest_route=%2Fwp%2Fv2%2Ftags&post=80635"}],"curies":[{"name":"wp","href":"https:\/\/api.w.org\/{rel}","templated":true}]}}