{"id":80640,"date":"2025-05-24T08:40:00","date_gmt":"2025-05-24T14:40:00","guid":{"rendered":"https:\/\/zonaroja.com.mx\/?p=80640"},"modified":"2025-05-24T07:41:48","modified_gmt":"2025-05-24T13:41:48","slug":"esto-es-una-burla-magisterio-sobre-cancelacion-de-claudia-sheinbaum","status":"publish","type":"post","link":"https:\/\/zonaroja.com.mx\/?p=80640","title":{"rendered":"\u201cEsto es una burla\u201d: magisterio sobre cancelaci\u00f3n de Claudia Sheinbaum"},"content":{"rendered":"\n<p>Ismael Garc\u00eda M.\/Zona Roja.<\/p>\n\n\n\n<p>Oaxaca de Ju\u00e1rez, Oax., a 24 de mayo de 2025.- La Coordinadora Nacional de Trabajadores de la Educaci\u00f3n (CNTE) calific\u00f3 como una burla la cancelaci\u00f3n de la reuni\u00f3n de ayer por parte de la Presidenta de M\u00e9xico, Claudia Sheinbaum, pese a que ya hab\u00eda acuerdo.<\/p>\n\n\n\n<p>\u201cTodas y todos somos testigos de que el gobierno de Claudia Sheinbaum Pardo no tiene voluntad pol\u00edtica. Cuando en la mesa se hab\u00eda comprometido la secretaria de Gobernaci\u00f3n que el d\u00eda de hoy (ayer) se estar\u00eda instalando la mesa con la Comisi\u00f3n \u00danica de Negociaci\u00f3n, sale en la \u2018ma\u00f1anera\u2019 a decir que no se estar\u00eda dando; esto es es una burla\u201d, expres\u00f3 la dirigente de la Secci\u00f3n 22 del SNTE, Yenny Aracely P\u00e9rez Mart\u00ednez.<\/p>\n\n\n\n<p>En un mensaje emitido este viernes, en el marco del bloqueo al Aeropuerto Internacional de la Ciudad de M\u00e9xico, lament\u00f3 que los funcionarios del gobierno federal no tengan palabra.<\/p>\n\n\n\n<p>\u201cTenemos claro que este gobierno que se ha hecho llamar de la cuarta es m\u00e1s de lo mismo, quienes pensaron que con cambiar de color, con una Presidenta de la Rep\u00fablica, se dan cuenta ahora que no est\u00e1n a favor de los trabajadores ni del pueblo de Mexico\u201d, sostuvo, a nombre de la CNTE.<\/p>\n\n\n\n<p>Y es que a media semana la mandataria mexicana se hab\u00eda comprometido a reunirse el viernes con la dirigencia del magisterio disidente; sin embargo, de \u00faltima hora cancel\u00f3 y dijo que los atender\u00edan funcionarios de primer nivel.<\/p>\n\n\n\n<p>Ello irrit\u00f3 a magisterios de al menos seis entidades del pa\u00eds, entre ellas Oaxaca, que protestaron en inmediaciones del Aeropuerto y posteriormente ingresaron al interior de la Terminal Uno.<\/p>\n\n\n\n<p>En su mensaje, Yenny Aracely P\u00e9rez Mart\u00ednez lament\u00f3 que el gobierno federal actual contin\u00fae con las mismas pr\u00e1cticas del pasado:&nbsp;<\/p>\n\n\n\n<p>\u201cMientras mantengan los reformas neoliberales impulsadas por Felipe Calder\u00f3n y Enrique Pe\u00f1a Nieto, siguen siendo entonces un gobierno de continuidad neoliberal\u201d.<\/p>\n\n\n\n<p>Reproch\u00f3 que al iniciar la jornada de lucha el 15 de mayo \u2014con un paro de labores indefinida y \u201cplant\u00f3n\u201d en la capital del pa\u00eds\u2014, se estableci\u00f3 claramente que no ven\u00edan por una semana m\u00e1s de vacaciones ni porque se congelara la edad para la jubilaci\u00f3n como tampoco por un fondo de pensiones Bienestar, sino por la abrogaci\u00f3n de la Ley del ISSSTE del 2007 y reformas educativas del 2015.&nbsp;<\/p>\n\n\n\n<p>\u201cSiete a\u00f1os tuvimos mesas de di\u00e1logo y m\u00e1s di\u00e1logo; y qu\u00e9 nos ofrece la Presidenta, di\u00e1logo y m\u00e1s di\u00e1logo. Este magisterio se ha cansado, por eso salimos a las calles a protestar; a la sociedad le pedimos su comprensi\u00f3n porque no nos dejan opci\u00f3n\u201d, remarc\u00f3 la secretaria General de la Secci\u00f3n 22.<\/p>\n\n\n\n<p>Inform\u00f3 que ya no habr\u00e1 m\u00e1s mesas de negociaci\u00f3n con secretarios de Estado, sino con la Presidenta de M\u00e9xico, de lo contrario seguir\u00e1n las movilizaciones.<\/p>\n\n\n\n<p>Este s\u00e1bado, la gremial de Oaxaca tiene su Asamblea Estatal, donde decidir\u00e1n sin son aceptables o rechazadas las respuestas que ofreci\u00f3 el Gobierno del Estado a su pliego petitorio.<\/p>\n\n\n\n<p>En la Ciudad de Mexico, mientras tanto, contin\u00faan las movilizaciones por d\u00e9cimo d\u00eda.<\/p>\n","protected":false},"excerpt":{"rendered":"<p>Ismael Garc\u00eda M.\/Zona Roja. Oaxaca de Ju\u00e1rez, Oax., a 24 de mayo de 2025.- La&hellip;<\/p>\n","protected":false},"author":2,"featured_media":80641,"comment_status":"closed","ping_status":"open","sticky":false,"template":"","format":"standard","meta":{"_lmt_disableupdate":"","_lmt_disable":"","_jetpack_memberships_contains_paid_content":false,"footnotes":""},"categories":[109,47],"tags":[1283,312],"class_list":["post-80640","post","type-post","status-publish","format-standard","has-post-thumbnail","hentry","category-minuto-a-minuto","category-zona-gris","tag-coordinadora-nacional-de-trabajadores-de-la-educacion-cnte","tag-seccion-22-del-snte"],"jetpack_featured_media_url":"https:\/\/zonaroja.com.mx\/wp-content\/uploads\/2025\/05\/Planton-CNTE-Seccion-22-Ciudad-de-Mexico.jpg","jetpack_sharing_enabled":true,"_links":{"self":[{"href":"https:\/\/zonaroja.com.mx\/index.php?rest_route=\/wp\/v2\/posts\/80640","targetHints":{"allow":["GET"]}}],"collection":[{"href":"https:\/\/zonaroja.com.mx\/index.php?rest_route=\/wp\/v2\/posts"}],"about":[{"href":"https:\/\/zonaroja.com.mx\/index.php?rest_route=\/wp\/v2\/types\/post"}],"author":[{"embeddable":true,"href":"https:\/\/zonaroja.com.mx\/index.php?rest_route=\/wp\/v2\/users\/2"}],"replies":[{"embeddable":true,"href":"https:\/\/zonaroja.com.mx\/index.php?rest_route=%2Fwp%2Fv2%2Fcomments&post=80640"}],"version-history":[{"count":1,"href":"https:\/\/zonaroja.com.mx\/index.php?rest_route=\/wp\/v2\/posts\/80640\/revisions"}],"predecessor-version":[{"id":80642,"href":"https:\/\/zonaroja.com.mx\/index.php?rest_route=\/wp\/v2\/posts\/80640\/revisions\/80642"}],"wp:featuredmedia":[{"embeddable":true,"href":"https:\/\/zonaroja.com.mx\/index.php?rest_route=\/wp\/v2\/media\/80641"}],"wp:attachment":[{"href":"https:\/\/zonaroja.com.mx\/index.php?rest_route=%2Fwp%2Fv2%2Fmedia&parent=80640"}],"wp:term":[{"taxonomy":"category","embeddable":true,"href":"https:\/\/zonaroja.com.mx\/index.php?rest_route=%2Fwp%2Fv2%2Fcategories&post=80640"},{"taxonomy":"post_tag","embeddable":true,"href":"https:\/\/zonaroja.com.mx\/index.php?rest_route=%2Fwp%2Fv2%2Ftags&post=80640"}],"curies":[{"name":"wp","href":"https:\/\/api.w.org\/{rel}","templated":true}]}}