{"id":80649,"date":"2025-05-24T11:55:00","date_gmt":"2025-05-24T17:55:00","guid":{"rendered":"https:\/\/zonaroja.com.mx\/?p=80649"},"modified":"2025-05-24T08:00:09","modified_gmt":"2025-05-24T14:00:09","slug":"en-veracruz-comando-ataca-a-candidato-del-pan-a-regidor-y-a-militantes","status":"publish","type":"post","link":"https:\/\/zonaroja.com.mx\/?p=80649","title":{"rendered":"En Veracruz, comando ataca a candidato del PAN, a regidor y a militantes"},"content":{"rendered":"\n<p>Redacci\u00f3n\/Zona Roja Cdmx.<\/p>\n\n\n\n<p>Ciudad de M\u00e9xico, a 24 de mayo de 2025.- El candidato a regidor de Tantoyuca, Joaqu\u00edn Rosendo Guzm\u00e1n Avil\u00e9s, y un grupo de simpatizantes del PAN, fueron atacados por hombres armados la noche del jueves en la localidad Terrero \u2013ubicada en el municipio citado\u2013, en el norte de Veracruz.<\/p>\n\n\n\n<p>Seg\u00fan un comunicado del partido, los panistas fueron agredidos por sujetos que viajaban en tres camionetas y que al darles alcance abrieron fuego, dejando al menos a una persona herida.<\/p>\n\n\n\n<p>Mientras, Luz del Carmen Bautista L\u00f3pez, candidata del Partido del Trabajo a la alcald\u00eda de Las Choapas, renunci\u00f3 a su postulaci\u00f3n por \u201cmotivos personales\u201d. Durante el actual proceso comicial, otros cinco abanderados han desistido de buscar cargos.<\/p>\n\n\n\n<p>La hoy ex candidata present\u00f3 su renuncia ante el Consejo Municipal Electoral de Las Choapas, junto con los miembros de su planilla. En su documento, sostuvo que desisti\u00f3 de manera totalmente voluntaria y sin presiones.<\/p>\n\n\n\n<p>En las recientes campa\u00f1as pol\u00edticas en la entidad, que comenzaron el 29 de abril y concluir\u00e1n el 28 de mayo, se han reportado dos asesinatos de aspirantes, as\u00ed como agresiones y atentados.<\/p>\n\n\n\n<p>El 1\u00ba de junio los veracruzanos saldr\u00e1n a las urnas para renovar las 212 alcald\u00edas, adem\u00e1s de elegir integrantes de los poderes Judicial federal y local.<\/p>\n\n\n\n<p>Por su parte, la gobernadora Roc\u00edo Nahle Garc\u00eda asegur\u00f3 ayer que est\u00e1n garantizadas los pr\u00f3ximos comicios. Ayer, al salir de Palacio Nacional, sostuvo a pregunta expresa que la seguridad est\u00e1 muy bien. Estamos garantizando elecciones libres, secretas, democr\u00e1ticas y seguras. Le va a ir bien a Veracruz\u201d, dijo, tras participar en una reuni\u00f3n que fue encabezada por la presidenta Claudia Sheinbaum Pardo.<\/p>\n","protected":false},"excerpt":{"rendered":"<p>Redacci\u00f3n\/Zona Roja Cdmx. Ciudad de M\u00e9xico, a 24 de mayo de 2025.- El candidato a&hellip;<\/p>\n","protected":false},"author":2,"featured_media":80650,"comment_status":"closed","ping_status":"open","sticky":false,"template":"","format":"standard","meta":{"_lmt_disableupdate":"","_lmt_disable":"","_jetpack_memberships_contains_paid_content":false,"footnotes":""},"categories":[109,47],"tags":[],"class_list":["post-80649","post","type-post","status-publish","format-standard","has-post-thumbnail","hentry","category-minuto-a-minuto","category-zona-gris"],"jetpack_featured_media_url":"https:\/\/zonaroja.com.mx\/wp-content\/uploads\/2025\/05\/Atacan-a-candidato-del-PAN-en-Veracruz.jpeg","jetpack_sharing_enabled":true,"_links":{"self":[{"href":"https:\/\/zonaroja.com.mx\/index.php?rest_route=\/wp\/v2\/posts\/80649","targetHints":{"allow":["GET"]}}],"collection":[{"href":"https:\/\/zonaroja.com.mx\/index.php?rest_route=\/wp\/v2\/posts"}],"about":[{"href":"https:\/\/zonaroja.com.mx\/index.php?rest_route=\/wp\/v2\/types\/post"}],"author":[{"embeddable":true,"href":"https:\/\/zonaroja.com.mx\/index.php?rest_route=\/wp\/v2\/users\/2"}],"replies":[{"embeddable":true,"href":"https:\/\/zonaroja.com.mx\/index.php?rest_route=%2Fwp%2Fv2%2Fcomments&post=80649"}],"version-history":[{"count":1,"href":"https:\/\/zonaroja.com.mx\/index.php?rest_route=\/wp\/v2\/posts\/80649\/revisions"}],"predecessor-version":[{"id":80651,"href":"https:\/\/zonaroja.com.mx\/index.php?rest_route=\/wp\/v2\/posts\/80649\/revisions\/80651"}],"wp:featuredmedia":[{"embeddable":true,"href":"https:\/\/zonaroja.com.mx\/index.php?rest_route=\/wp\/v2\/media\/80650"}],"wp:attachment":[{"href":"https:\/\/zonaroja.com.mx\/index.php?rest_route=%2Fwp%2Fv2%2Fmedia&parent=80649"}],"wp:term":[{"taxonomy":"category","embeddable":true,"href":"https:\/\/zonaroja.com.mx\/index.php?rest_route=%2Fwp%2Fv2%2Fcategories&post=80649"},{"taxonomy":"post_tag","embeddable":true,"href":"https:\/\/zonaroja.com.mx\/index.php?rest_route=%2Fwp%2Fv2%2Ftags&post=80649"}],"curies":[{"name":"wp","href":"https:\/\/api.w.org\/{rel}","templated":true}]}}