{"id":80660,"date":"2025-05-24T15:10:00","date_gmt":"2025-05-24T21:10:00","guid":{"rendered":"https:\/\/zonaroja.com.mx\/?p=80660"},"modified":"2025-05-24T08:12:08","modified_gmt":"2025-05-24T14:12:08","slug":"reconocen-a-fotografa-mexicana-con-el-principe-de-asturias","status":"publish","type":"post","link":"https:\/\/zonaroja.com.mx\/?p=80660","title":{"rendered":"Reconocen a fot\u00f3grafa mexicana con el Pr\u00edncipe de Asturias"},"content":{"rendered":"\n<p>Redacci\u00f3n\/Zona Roja Cdmx.<\/p>\n\n\n\n<p>Ciudad de M\u00e9xico, a 24 de mayo de 2025.- La fot\u00f3grafa mexicana Graciela Iturbide fue reconocida con el Premio Princesa de Asturias de las Artes 2025. Se elogi\u00f3 su trabajo por ser \u00abdue\u00f1a de una mirada innovadora y dotada de una extraordinaria profundidad art\u00edstica\u00bb. <\/p>\n\n\n\n<p>Este es uno de los galardones m\u00e1s importantes de Europa en el \u00e1mbito de las expresiones art\u00edsticas, y en su ya larga historia ha premiado a figuras tan destacadas como Joan Manuel Serrat, Meryl Streep, Marina Abramovi\u0107, Ennio Morricone, John Williams, Peter Brook, Martin Scorsese, Francis Ford Coppola, Bob Dylan, Sebasti\u00e3o Salgado, Antoni T\u00e0pies y Eduardo Chillida, entre otros. Iturbide se convierte as\u00ed en la primera artista mexicana en recibir este reconocimiento.<\/p>\n\n\n\n<p>El jurado estuvo integrado por artistas y creadores de gran relevancia, como Claude Bussac, Olivier D\u00edaz Su\u00e1rez, Mar\u00eda Pag\u00e9s e Isabel Mu\u00f1oz, entre otros. En su decisi\u00f3n, adoptada por unanimidad, explicaron as\u00ed sus motivos: \u201cDue\u00f1a de una mirada innovadora y dotada de una extraordinaria profundidad art\u00edstica, la lente de Iturbide ha retratado la naturaleza humana a trav\u00e9s de fotograf\u00edas cargadas de simbolismo, que crean un mundo propio: desde lo primitivo hasta lo contempor\u00e1neo; desde la crudeza de la realidad social hasta la magia espont\u00e1nea del instante\u201d.<\/p>\n\n\n\n<p>Y a\u00f1adieron: \u201cLa obra de Graciela Iturbide, en blanco y negro, combina lo documental con un sentido po\u00e9tico de la imagen. A trav\u00e9s de su c\u00e1mara capta la vida cotidiana de M\u00e9xico con una mirada profunda, respetuosa y evocadora. Sus im\u00e1genes no solo muestran lo que ve, sino tambi\u00e9n lo que siente. Cada fotograf\u00eda tiene una carga emocional y cultural que nos invita a mirar m\u00e1s all\u00e1 de lo visible\u201d.<\/p>\n\n\n\n<p>La propuesta para concederle el reconocimiento a Graciela Iturbide fue presentada por Juan Duarte Cuadrado, embajador de Espa\u00f1a en M\u00e9xico, y fue seleccionada entre un total de 49 candidaturas procedentes de 19 pa\u00edses.<\/p>\n\n\n\n<p>(Informaci\u00f3n de \u201cLa Jornada\u201d)<\/p>\n","protected":false},"excerpt":{"rendered":"<p>Redacci\u00f3n\/Zona Roja Cdmx. Ciudad de M\u00e9xico, a 24 de mayo de 2025.- La fot\u00f3grafa mexicana&hellip;<\/p>\n","protected":false},"author":2,"featured_media":80661,"comment_status":"closed","ping_status":"open","sticky":false,"template":"","format":"standard","meta":{"_lmt_disableupdate":"","_lmt_disable":"","_jetpack_memberships_contains_paid_content":false,"footnotes":""},"categories":[109,46],"tags":[3691],"class_list":["post-80660","post","type-post","status-publish","format-standard","has-post-thumbnail","hentry","category-minuto-a-minuto","category-zona-blanca","tag-graciela-iturbide"],"jetpack_featured_media_url":"https:\/\/zonaroja.com.mx\/wp-content\/uploads\/2025\/05\/Graciela-Iturbide.webp","jetpack_sharing_enabled":true,"_links":{"self":[{"href":"https:\/\/zonaroja.com.mx\/index.php?rest_route=\/wp\/v2\/posts\/80660","targetHints":{"allow":["GET"]}}],"collection":[{"href":"https:\/\/zonaroja.com.mx\/index.php?rest_route=\/wp\/v2\/posts"}],"about":[{"href":"https:\/\/zonaroja.com.mx\/index.php?rest_route=\/wp\/v2\/types\/post"}],"author":[{"embeddable":true,"href":"https:\/\/zonaroja.com.mx\/index.php?rest_route=\/wp\/v2\/users\/2"}],"replies":[{"embeddable":true,"href":"https:\/\/zonaroja.com.mx\/index.php?rest_route=%2Fwp%2Fv2%2Fcomments&post=80660"}],"version-history":[{"count":1,"href":"https:\/\/zonaroja.com.mx\/index.php?rest_route=\/wp\/v2\/posts\/80660\/revisions"}],"predecessor-version":[{"id":80662,"href":"https:\/\/zonaroja.com.mx\/index.php?rest_route=\/wp\/v2\/posts\/80660\/revisions\/80662"}],"wp:featuredmedia":[{"embeddable":true,"href":"https:\/\/zonaroja.com.mx\/index.php?rest_route=\/wp\/v2\/media\/80661"}],"wp:attachment":[{"href":"https:\/\/zonaroja.com.mx\/index.php?rest_route=%2Fwp%2Fv2%2Fmedia&parent=80660"}],"wp:term":[{"taxonomy":"category","embeddable":true,"href":"https:\/\/zonaroja.com.mx\/index.php?rest_route=%2Fwp%2Fv2%2Fcategories&post=80660"},{"taxonomy":"post_tag","embeddable":true,"href":"https:\/\/zonaroja.com.mx\/index.php?rest_route=%2Fwp%2Fv2%2Ftags&post=80660"}],"curies":[{"name":"wp","href":"https:\/\/api.w.org\/{rel}","templated":true}]}}