{"id":80663,"date":"2025-05-24T20:14:50","date_gmt":"2025-05-25T02:14:50","guid":{"rendered":"https:\/\/zonaroja.com.mx\/?p=80663"},"modified":"2025-05-24T20:14:52","modified_gmt":"2025-05-25T02:14:52","slug":"en-foro-efectuado-en-tlaxiaco-despejan-dudas-sobre-eleccion-judicial","status":"publish","type":"post","link":"https:\/\/zonaroja.com.mx\/?p=80663","title":{"rendered":"En foro efectuado en Tlaxiaco, despejan dudas sobre elecci\u00f3n judicial"},"content":{"rendered":"\n<p>Raymundo Morales\/Zona Roja.<\/p>\n\n\n\n<p>Oaxaca, Oax., a 24 de mayo de 2025.- Ante la nula difusi\u00f3n de la pr\u00f3xima elecci\u00f3n en lenguas ind\u00edgenas y la poca percepci\u00f3n de la importancia de este ejercicio democr\u00e1tico entre los pueblos originarios, en la Heroica Ciudad de Tlaxiaco se realiz\u00f3 la presentaci\u00f3n del foro \u201cPor una Justicia m\u00e1s Democr\u00e1tica\u201d, foro coordinado por el licenciado Edgar \u00c1vila.<\/p>\n\n\n\n<p>En primer lugar se present\u00f3 la ponencia \u201cLa reforma judicial y la elecci\u00f3n de jueces, magistrados y ministros en M\u00e9xico\u201d, impartida por el licenciado Sandro Sosa, quien dio a conocer los principales detalles de la Reforma Judicial, c\u00f3mo esta ser\u00e1 fundamental para la impartici\u00f3n de justicia en M\u00e9xico, as\u00ed mismo, abundo sobre la elecci\u00f3n de quienes imparten justicia en M\u00e9xico, desde los jueces hasta los magistrados de la Suprema Corte de Justicia en M\u00e9xico.<\/p>\n\n\n\n<p>Para los ciudadanos e ind\u00edgenas mixtecos, el principal cuestionamiento de los asistentes fue \u00bfC\u00f3mo votar?, pues ante el n\u00famero de boletas y el n\u00famero de candidatos, \u201ces confuso poder ejercer nuestro voto\u00bb comentaron los asistentes.<\/p>\n\n\n\n<p>Ante este cuestionamiento, el licenciado Edgar \u00c1vila, ejemplific\u00f3 la manera de votar, dio a conocer que en el portal del INE, Con\u00f3celes podr\u00e1n hacer la simulaci\u00f3n de su voto, sin embargo, explico la conformaci\u00f3n de cada boleta y la forma de organizaci\u00f3n de los candidatos y candidatas a los diferentes puestos de elecci\u00f3n popular.<\/p>\n\n\n\n<p>A esta reuni\u00f3n acudieron como invitados algunos de los candidatos a la elecci\u00f3n, como la maestra Xareni Hern\u00e1ndez Garc\u00eda, candidata a jueza de Distrito en Materia Mixta, el maestro Edgar Filem\u00f3n Luna Cruz, candidato a Magistrado de Circuito en Materia Penal y del Trabajo y la maestra Norma Gonz\u00e1lez Jim\u00e9nez, candidata a Magistrada de Circuito en materia Mixta, quienes participaron presentando su propuesta y su perfil.<\/p>\n\n\n\n<p>Asimismo, en representaci\u00f3n del empresario Germ\u00e1n Simancas, simpatizante de la candidata a magistrada Yasm\u00edn Esquivel Mossa, el profesor Bernab\u00e9 Trujillo dijo que \u201cAl m\u00e1ximo tribunal del pa\u00eds, deben de llegar los mejores perfiles, las personas mejor capacitadas, y sin duda, el perfil de la candidata Yasm\u00edn Esquivel destaca en su trayectoria\u201d.<\/p>\n\n\n\n<p>De igual manera, hizo referencia a su labor en el gobierno federal, \u201cRecordemos que tiene poco m\u00e1s de 38 a\u00f1os laborando como servidora p\u00fablica en temas de justicia, en todos los \u00e1mbitos, por lo que puede no solo integrar la nueva Suprema Corte de Justicia, sino que puede llegar a presidirla\u201d.<\/p>\n\n\n\n<p>El foro \u201cPor una Justicia m\u00e1s Democr\u00e1tica\u201d, tambi\u00e9n se presentaron representantes de candidatos a jueces, magistrados y ministros quienes presentaron su sentir ante la pr\u00f3xima elecci\u00f3n.<\/p>\n\n\n\n<p>Dentro de los candidatos representados se encuentran la maestra Brisa Albores Medina, candidata a magistrada en materia penal y de trabajo, as\u00ed como del doctor Jose Antonio \u00c1lvarez Hern\u00e1ndez, aspirante a magistrado del Tribunal Colegiado en materia civil y administrativa.<\/p>\n\n\n\n<p>De igual manera, se presentaron representantes de la maestra Roc\u00edo Chong Vel\u00e1squez candidata a magistrada por el d\u00e9cimo tercer circuito en materia penal y trabajo, el maestro Andr\u00e9s Manuel Jim\u00e9nez Jim\u00e9nez, candidato a magistrado materias penal y del trabajo, la licenciada Blanca Azucena Osorio Villanueva candidata a Jueza de Distrito en materia Mixta, as\u00ed como de la maestra Berenice Ram\u00edrez Jim\u00e9nez candidata a magistrada administrativa Civil D\u00e9cimo Tercer Circuito.<\/p>\n","protected":false},"excerpt":{"rendered":"<p>Raymundo Morales\/Zona Roja. Oaxaca, Oax., a 24 de mayo de 2025.- Ante la nula difusi\u00f3n&hellip;<\/p>\n","protected":false},"author":2,"featured_media":80664,"comment_status":"closed","ping_status":"open","sticky":false,"template":"","format":"standard","meta":{"_lmt_disableupdate":"","_lmt_disable":"","_jetpack_memberships_contains_paid_content":false,"footnotes":""},"categories":[109,46],"tags":[4291],"class_list":["post-80663","post","type-post","status-publish","format-standard","has-post-thumbnail","hentry","category-minuto-a-minuto","category-zona-blanca","tag-eleccion-judicial-mexico"],"jetpack_featured_media_url":"https:\/\/zonaroja.com.mx\/wp-content\/uploads\/2025\/05\/Foro-justicia-Tlaxiaco.jpg","jetpack_sharing_enabled":true,"_links":{"self":[{"href":"https:\/\/zonaroja.com.mx\/index.php?rest_route=\/wp\/v2\/posts\/80663","targetHints":{"allow":["GET"]}}],"collection":[{"href":"https:\/\/zonaroja.com.mx\/index.php?rest_route=\/wp\/v2\/posts"}],"about":[{"href":"https:\/\/zonaroja.com.mx\/index.php?rest_route=\/wp\/v2\/types\/post"}],"author":[{"embeddable":true,"href":"https:\/\/zonaroja.com.mx\/index.php?rest_route=\/wp\/v2\/users\/2"}],"replies":[{"embeddable":true,"href":"https:\/\/zonaroja.com.mx\/index.php?rest_route=%2Fwp%2Fv2%2Fcomments&post=80663"}],"version-history":[{"count":1,"href":"https:\/\/zonaroja.com.mx\/index.php?rest_route=\/wp\/v2\/posts\/80663\/revisions"}],"predecessor-version":[{"id":80665,"href":"https:\/\/zonaroja.com.mx\/index.php?rest_route=\/wp\/v2\/posts\/80663\/revisions\/80665"}],"wp:featuredmedia":[{"embeddable":true,"href":"https:\/\/zonaroja.com.mx\/index.php?rest_route=\/wp\/v2\/media\/80664"}],"wp:attachment":[{"href":"https:\/\/zonaroja.com.mx\/index.php?rest_route=%2Fwp%2Fv2%2Fmedia&parent=80663"}],"wp:term":[{"taxonomy":"category","embeddable":true,"href":"https:\/\/zonaroja.com.mx\/index.php?rest_route=%2Fwp%2Fv2%2Fcategories&post=80663"},{"taxonomy":"post_tag","embeddable":true,"href":"https:\/\/zonaroja.com.mx\/index.php?rest_route=%2Fwp%2Fv2%2Ftags&post=80663"}],"curies":[{"name":"wp","href":"https:\/\/api.w.org\/{rel}","templated":true}]}}