{"id":80666,"date":"2025-05-24T20:23:38","date_gmt":"2025-05-25T02:23:38","guid":{"rendered":"https:\/\/zonaroja.com.mx\/?p=80666"},"modified":"2025-05-24T20:23:40","modified_gmt":"2025-05-25T02:23:40","slug":"denuncian-que-edil-de-san-antonio-de-la-cal-simula-proceso-para-reelegirse","status":"publish","type":"post","link":"https:\/\/zonaroja.com.mx\/?p=80666","title":{"rendered":"Denuncian que edil de San Antonio de la Cal simula proceso para reelegirse"},"content":{"rendered":"\n<p>Raymundo Morales\/Zona Roja.<\/p>\n\n\n\n<p>Oaxaca de Ju\u00e1rez, Oax., a 24 de mayo de 2025.- A pesar de que no cuenta con respaldo de la mayor\u00eda de los ciudadanos de San Antonio de la Cal, debido a la grave inseguridad y nula obra p\u00fablica, el presidente municipal Porfirio Santos Mat\u00edas, quiere reelegirse.<\/p>\n\n\n\n<p>As\u00ed lo denunciaron los habitantes de dicho municipio conurbado a la capital oaxaque\u00f1a, que expusieron que el edil ha intensificado su campa\u00f1a disfrazada de \u201cinformes ciudadanos\u201d, buscando afanosamente sembrar apoyo rumbo a su reelecci\u00f3n, a pesar de que a\u00fan no inician formalmente los tiempos electorales. Vecinos y l\u00edderes sociales acusan al edil de incurrir en actos anticipados de campa\u00f1a y de manipular a la poblaci\u00f3n con informaci\u00f3n falsa para construir su camino a un segundo periodo lleno de opacidad.<\/p>\n\n\n\n<p>Relatan que una de sus estrategias m\u00e1s cuestionadas ha sido la implementaci\u00f3n de un supuesto mecanismo de revocaci\u00f3n de mandato municipal, el cual no tiene fundamento legal en Oaxaca, ya que este proceso solo aplica constitucionalmente al Gobernador del Estado, conforme a la Ley de Participaci\u00f3n Ciudadana local.<\/p>\n\n\n\n<p>\u201cLo presenta como un beneficio, como si fuera un ejercicio democr\u00e1tico para \u2018que el pueblo decida\u2019, pero en realidad es una cortina de humo para limpiar su imagen y justificar su campa\u00f1a adelantada\u201d, denunci\u00f3 una habitante de la colonia Morelos que asisti\u00f3 a una de las reuniones.<\/p>\n\n\n\n<p>La ley electoral establece que la revocaci\u00f3n del mandato no puede ser implementada discrecionalmente por un presidente municipal, y que, para cualquier ejercicio ciudadano similar, se requiere una solicitud formal con el respaldo de al menos el 10% del padr\u00f3n electoral del municipio, adem\u00e1s del aval del IEEPCO, situaci\u00f3n que no se cumple en San Antonio de la Cal.<\/p>\n\n\n\n<p>Mientras tanto, sobre Porfirio Santos pesan se\u00f1alamientos graves de corrupci\u00f3n, mal manejo de recursos y complicidad con elementos de la polic\u00eda municipal, quienes han sido denunciados por abusos y extorsiones.<\/p>\n\n\n\n<p>Lejos de responder con transparencia, el presidente municipal ha optado por intensificar sus giras de autopromoci\u00f3n y repartir d\u00e1divas en colonias con el fin de recuperar simpat\u00edas.<\/p>\n\n\n\n<p>&nbsp;\u201cQuiere seguir robando bajo el lema del \u2018bienestar\u2019, pero el \u00fanico bienestar que ha visto este municipio es el de \u00e9l y su cabildo. Aqu\u00ed no hay obras, no hay seguridad, solo promesas rotas\u201d, denunci\u00f3 un ciudadano durante una asamblea comunitaria.<\/p>\n\n\n\n<p>Habitantes del municipio alertan que la ambici\u00f3n desmedida de Porfirio Santos est\u00e1 llevando a San Antonio de la Cal a una ruta de empobrecimiento institucional, donde se privilegia el poder personal sobre el inter\u00e9s colectivo.<\/p>\n\n\n\n<p>Denuncian tambi\u00e9n que los recursos p\u00fablicos se est\u00e1n utilizando para financiar su precampa\u00f1a personal, mediante actos p\u00fablicos maquillados como ejercicios de \u201crendici\u00f3n de cuentas\u201d.<\/p>\n\n\n\n<p>Los vecinos hicieron &nbsp;un llamado al Instituto Estatal Electoral y de Participaci\u00f3n Ciudadana de Oaxaca (IEEPCO) y a la Auditor\u00eda Superior del Estado para que investiguen el uso indebido de recursos, la promoci\u00f3n personalizada y los posibles desv\u00edos de fondos p\u00fablicos, y se impida la continuidad de un gobierno local marcado por la opacidad.<\/p>\n\n\n\n<p>San Antonio de la Cal no merece ser reh\u00e9n de un proyecto personal ni de un pol\u00edtico aferrado al poder. La democracia municipal debe ejercerse con legalidad, \u00e9tica y rendici\u00f3n de cuentas, no con simulaciones y enga\u00f1os, dijeron.<\/p>\n","protected":false},"excerpt":{"rendered":"<p>Raymundo Morales\/Zona Roja. Oaxaca de Ju\u00e1rez, Oax., a 24 de mayo de 2025.- A pesar&hellip;<\/p>\n","protected":false},"author":2,"featured_media":80667,"comment_status":"closed","ping_status":"open","sticky":false,"template":"","format":"standard","meta":{"_lmt_disableupdate":"","_lmt_disable":"","_jetpack_memberships_contains_paid_content":false,"footnotes":""},"categories":[109,47],"tags":[3670],"class_list":["post-80666","post","type-post","status-publish","format-standard","has-post-thumbnail","hentry","category-minuto-a-minuto","category-zona-gris","tag-porfirio-santos-matias"],"jetpack_featured_media_url":"https:\/\/zonaroja.com.mx\/wp-content\/uploads\/2025\/05\/Porfirio-Santos-Matias-1.jpg","jetpack_sharing_enabled":true,"_links":{"self":[{"href":"https:\/\/zonaroja.com.mx\/index.php?rest_route=\/wp\/v2\/posts\/80666","targetHints":{"allow":["GET"]}}],"collection":[{"href":"https:\/\/zonaroja.com.mx\/index.php?rest_route=\/wp\/v2\/posts"}],"about":[{"href":"https:\/\/zonaroja.com.mx\/index.php?rest_route=\/wp\/v2\/types\/post"}],"author":[{"embeddable":true,"href":"https:\/\/zonaroja.com.mx\/index.php?rest_route=\/wp\/v2\/users\/2"}],"replies":[{"embeddable":true,"href":"https:\/\/zonaroja.com.mx\/index.php?rest_route=%2Fwp%2Fv2%2Fcomments&post=80666"}],"version-history":[{"count":1,"href":"https:\/\/zonaroja.com.mx\/index.php?rest_route=\/wp\/v2\/posts\/80666\/revisions"}],"predecessor-version":[{"id":80668,"href":"https:\/\/zonaroja.com.mx\/index.php?rest_route=\/wp\/v2\/posts\/80666\/revisions\/80668"}],"wp:featuredmedia":[{"embeddable":true,"href":"https:\/\/zonaroja.com.mx\/index.php?rest_route=\/wp\/v2\/media\/80667"}],"wp:attachment":[{"href":"https:\/\/zonaroja.com.mx\/index.php?rest_route=%2Fwp%2Fv2%2Fmedia&parent=80666"}],"wp:term":[{"taxonomy":"category","embeddable":true,"href":"https:\/\/zonaroja.com.mx\/index.php?rest_route=%2Fwp%2Fv2%2Fcategories&post=80666"},{"taxonomy":"post_tag","embeddable":true,"href":"https:\/\/zonaroja.com.mx\/index.php?rest_route=%2Fwp%2Fv2%2Ftags&post=80666"}],"curies":[{"name":"wp","href":"https:\/\/api.w.org\/{rel}","templated":true}]}}