{"id":80669,"date":"2025-05-25T06:52:53","date_gmt":"2025-05-25T12:52:53","guid":{"rendered":"https:\/\/zonaroja.com.mx\/?p=80669"},"modified":"2025-05-25T06:52:56","modified_gmt":"2025-05-25T12:52:56","slug":"roto-el-dialogo-cnte-gobierno-amagan-con-boicotear-eleccion-judicial","status":"publish","type":"post","link":"https:\/\/zonaroja.com.mx\/?p=80669","title":{"rendered":"Roto el di\u00e1logo CNTE-gobierno; amagan con boicotear elecci\u00f3n judicial"},"content":{"rendered":"\n<p>Raymundo Morales\/Zona Roja.<\/p>\n\n\n\n<p>Oaxaca, Oax., a 25 de mayo de 2025.- Ante la suspensi\u00f3n del di\u00e1logo entre el gobierno de M\u00e9xico y la Coordinadora Nacional de Trabajadores de la Educaci\u00f3n, el magisterio disidente continuar\u00e1 su paro de labores por tiempo indefinido y adem\u00e1s, prev\u00e9 boicotear la elecci\u00f3n judicial.<\/p>\n\n\n\n<p>Ayer se llev\u00f3 a cabo la Asamblea Nacional Representativa de la CNTE, en que se acord\u00f3 un nuevo plan de lucha, que contempla m\u00e1s movilizaciones en la capital del pa\u00eds y el pr\u00f3ximo domingo 1 de junio, buscar boicotear la jornada de elecci\u00f3n de jueces, magistrados y ministros.<\/p>\n\n\n\n<p>En tanto, la Secci\u00f3n 22 del SNTE efectu\u00f3 ayer tambi\u00e9n su Asamblea Estatal Permanente, en la Ciudad de M\u00e9xico, en que determin\u00f3 reforzar el \u201cplant\u00f3n\u201d magisterial, donde se encuentran al menos 20 mil afiliados.<\/p>\n\n\n\n<p>\u201cTenemos toda una estructura de organizaci\u00f3n y eso permite que la 22 sea lo que es hoy en d\u00eda; pese a las diferencias pol\u00edticas, hemos demostrado que somos un solo movimiento\u201d, dijo Yenny Aracely P\u00e9rez Mart\u00ednez, al decretar un receso a la m\u00e1xima representaci\u00f3n del magisterio de Oaxaca.<\/p>\n\n\n\n<p>Abund\u00f3:<\/p>\n\n\n\n<p>\u201cSe tiene que seguir fortaleciendo esta jornada de lucha, si bien estamos m\u00e1s de 20 mil compa\u00f1eras y compa\u00f1eros aqu\u00ed en la Ciudad de M\u00e9xico, se hace necesario seguir fortaleciendo este gran movimiento. Porque nos ha ense\u00f1ado esta historia de lucha que solamente la acci\u00f3n permite avanzar con nuestras demandas.<\/p>\n\n\n\n<p>\u201cAqu\u00ed hay miles de trabajadores manifest\u00e1ndonos todos los d\u00edas y la Presidenta Claudia Sheinbaum hace como si no estuvi\u00e9ramos y como si no nos escuchara. Por eso tambi\u00e9n se tiene que emplazar desde este espacio que se tiene que reinstalar esa mesa con la Comisi\u00f3n Nacional \u00danica de Negociaci\u00f3n con la Presidenta\u201d.<\/p>\n\n\n\n<p>Ayer y este domingo, pr\u00e1cticamente no se tienen programadas movilizaciones m\u00e1s que el \u201cplant\u00f3n\u201d en el Centro Hist\u00f3rico de la capital del pa\u00eds, pero a partir de ma\u00f1ana reanudar\u00e1n sus protestas.<\/p>\n\n\n\n<p>En tanto, en gira por San Luis Potos\u00ed, la Presidenta Claudia Sheinbaum declar\u00f3 que este a\u00f1o el salario del magisterio nacional estar\u00e1 por arriba del promedio del salario de los trabajadores registrados ante el Instituto Mexicano del Seguro Social (IMSS) despu\u00e9s del incremento anunciado.<\/p>\n\n\n\n<p>\u201cLos gobiernos del pasado, que algunos a\u00f1oran, los gobiernos del pasado solamente ve\u00edan a algunos cuantos. F\u00edjense, esos gobiernos del pasado daban salarios a los maestros en donde el aumento salarial solo era de la inflaci\u00f3n. Ahora el aumento salarial de 2012 a la fecha es el doble para las maestras y maestros de M\u00e9xico. El presidente Andr\u00e9s Manuel L\u00f3pez Obrador se comprometi\u00f3 a que el salario del magisterio siempre iba a ser equivalente al salario medio de cualquier trabajador del IMSS, del promedio. Este a\u00f1o que dimos 9 por ciento de aumento salarial, m\u00e1s 1 (por ciento) en septiembre, va a quedar por encima del salario medio del IMSS\u201d.<\/p>\n","protected":false},"excerpt":{"rendered":"<p>Raymundo Morales\/Zona Roja. Oaxaca, Oax., a 25 de mayo de 2025.- Ante la suspensi\u00f3n del&hellip;<\/p>\n","protected":false},"author":2,"featured_media":80670,"comment_status":"closed","ping_status":"open","sticky":false,"template":"","format":"standard","meta":{"_lmt_disableupdate":"","_lmt_disable":"","_jetpack_memberships_contains_paid_content":false,"footnotes":""},"categories":[109,47],"tags":[692,312],"class_list":["post-80669","post","type-post","status-publish","format-standard","has-post-thumbnail","hentry","category-minuto-a-minuto","category-zona-gris","tag-cnte","tag-seccion-22-del-snte"],"jetpack_featured_media_url":"https:\/\/zonaroja.com.mx\/wp-content\/uploads\/2025\/05\/Asamblea-Estatal-Seccion-22-1.jpg","jetpack_sharing_enabled":true,"_links":{"self":[{"href":"https:\/\/zonaroja.com.mx\/index.php?rest_route=\/wp\/v2\/posts\/80669","targetHints":{"allow":["GET"]}}],"collection":[{"href":"https:\/\/zonaroja.com.mx\/index.php?rest_route=\/wp\/v2\/posts"}],"about":[{"href":"https:\/\/zonaroja.com.mx\/index.php?rest_route=\/wp\/v2\/types\/post"}],"author":[{"embeddable":true,"href":"https:\/\/zonaroja.com.mx\/index.php?rest_route=\/wp\/v2\/users\/2"}],"replies":[{"embeddable":true,"href":"https:\/\/zonaroja.com.mx\/index.php?rest_route=%2Fwp%2Fv2%2Fcomments&post=80669"}],"version-history":[{"count":1,"href":"https:\/\/zonaroja.com.mx\/index.php?rest_route=\/wp\/v2\/posts\/80669\/revisions"}],"predecessor-version":[{"id":80671,"href":"https:\/\/zonaroja.com.mx\/index.php?rest_route=\/wp\/v2\/posts\/80669\/revisions\/80671"}],"wp:featuredmedia":[{"embeddable":true,"href":"https:\/\/zonaroja.com.mx\/index.php?rest_route=\/wp\/v2\/media\/80670"}],"wp:attachment":[{"href":"https:\/\/zonaroja.com.mx\/index.php?rest_route=%2Fwp%2Fv2%2Fmedia&parent=80669"}],"wp:term":[{"taxonomy":"category","embeddable":true,"href":"https:\/\/zonaroja.com.mx\/index.php?rest_route=%2Fwp%2Fv2%2Fcategories&post=80669"},{"taxonomy":"post_tag","embeddable":true,"href":"https:\/\/zonaroja.com.mx\/index.php?rest_route=%2Fwp%2Fv2%2Ftags&post=80669"}],"curies":[{"name":"wp","href":"https:\/\/api.w.org\/{rel}","templated":true}]}}