{"id":80672,"date":"2025-05-25T08:45:00","date_gmt":"2025-05-25T14:45:00","guid":{"rendered":"https:\/\/zonaroja.com.mx\/?p=80672"},"modified":"2025-05-25T07:00:32","modified_gmt":"2025-05-25T13:00:32","slug":"indagan-posible-crimen-de-hotelero-en-juchitan-oaxaca","status":"publish","type":"post","link":"https:\/\/zonaroja.com.mx\/?p=80672","title":{"rendered":"Indagan posible crimen de hotelero en Juchit\u00e1n, Oaxaca"},"content":{"rendered":"\n<p>Raymundo Morales\/Zona Roja. Foto: ADN Sureste.<\/p>\n\n\n\n<p>Oaxaca de Ju\u00e1rez, Oax., a 25 de mayo de 2025.- La Fiscal\u00eda General del Estado de Oaxaca, a trav\u00e9s de la Vicefiscal\u00eda Regional del Istmo, indaga el homicidio de un hotelero, ocurrido este s\u00e1bado en Juchit\u00e1n de Zaragoza.<\/p>\n\n\n\n<p>De acuerdo con los primeros reportes policiacos, el responsable del establecimiento \u201cEl Tec\u201d, ubicado en la calle de Guerrero cerca del Instituto Tecnol\u00f3gico del Istmo, fue hallado sin vida, presuntamente con impactos de arma de fuego.<\/p>\n\n\n\n<p>Otras versiones preliminares se\u00f1alan que fue muri\u00f3 por asfixia; no obstante, vecinos de la zona reportaron disparos de arma de fuego durante la madrugada de ayer.<\/p>\n\n\n\n<p>Fue hasta la ma\u00f1ana en que arribaron elementos policiacos, que corroboraron la existencia de un cuerpo sin vida, tras lo cual arribaron peritos y agentes de la Vicefiscal\u00eda Regional del Istmo, que efectuaron los levantamientos correspondientes.<\/p>\n\n\n\n<p>Hasta el momento no hay una versi\u00f3n oficial de los hechos pero los habitantes de la zona no descartan que se trate de un asesinato.<\/p>\n\n\n\n<p>Pese a las Velas que se realizan durante el mes de mayo en todo el Istmo y principalmente en Juchit\u00e1n de Zaragoza, la violencia criminal no ha cesado en dicho municipio, gobernado por Miguel S\u00e1nchez Altamirano, de Morena, quien no ha emprendido acciones para garantizar la seguridad de la poblaci\u00f3n y de los visitantes.<\/p>\n","protected":false},"excerpt":{"rendered":"<p>Raymundo Morales\/Zona Roja. Foto: ADN Sureste. Oaxaca de Ju\u00e1rez, Oax., a 25 de mayo de&hellip;<\/p>\n","protected":false},"author":2,"featured_media":80673,"comment_status":"closed","ping_status":"open","sticky":false,"template":"","format":"standard","meta":{"_lmt_disableupdate":"","_lmt_disable":"","_jetpack_memberships_contains_paid_content":false,"footnotes":""},"categories":[109,51],"tags":[297],"class_list":["post-80672","post","type-post","status-publish","format-standard","has-post-thumbnail","hentry","category-minuto-a-minuto","category-zona-roja","tag-ejecutado-juchitan"],"jetpack_featured_media_url":"https:\/\/zonaroja.com.mx\/wp-content\/uploads\/2025\/05\/Hotelero-asesinado-Juchitan.jpeg","jetpack_sharing_enabled":true,"_links":{"self":[{"href":"https:\/\/zonaroja.com.mx\/index.php?rest_route=\/wp\/v2\/posts\/80672","targetHints":{"allow":["GET"]}}],"collection":[{"href":"https:\/\/zonaroja.com.mx\/index.php?rest_route=\/wp\/v2\/posts"}],"about":[{"href":"https:\/\/zonaroja.com.mx\/index.php?rest_route=\/wp\/v2\/types\/post"}],"author":[{"embeddable":true,"href":"https:\/\/zonaroja.com.mx\/index.php?rest_route=\/wp\/v2\/users\/2"}],"replies":[{"embeddable":true,"href":"https:\/\/zonaroja.com.mx\/index.php?rest_route=%2Fwp%2Fv2%2Fcomments&post=80672"}],"version-history":[{"count":1,"href":"https:\/\/zonaroja.com.mx\/index.php?rest_route=\/wp\/v2\/posts\/80672\/revisions"}],"predecessor-version":[{"id":80674,"href":"https:\/\/zonaroja.com.mx\/index.php?rest_route=\/wp\/v2\/posts\/80672\/revisions\/80674"}],"wp:featuredmedia":[{"embeddable":true,"href":"https:\/\/zonaroja.com.mx\/index.php?rest_route=\/wp\/v2\/media\/80673"}],"wp:attachment":[{"href":"https:\/\/zonaroja.com.mx\/index.php?rest_route=%2Fwp%2Fv2%2Fmedia&parent=80672"}],"wp:term":[{"taxonomy":"category","embeddable":true,"href":"https:\/\/zonaroja.com.mx\/index.php?rest_route=%2Fwp%2Fv2%2Fcategories&post=80672"},{"taxonomy":"post_tag","embeddable":true,"href":"https:\/\/zonaroja.com.mx\/index.php?rest_route=%2Fwp%2Fv2%2Ftags&post=80672"}],"curies":[{"name":"wp","href":"https:\/\/api.w.org\/{rel}","templated":true}]}}