{"id":80678,"date":"2025-05-25T10:45:00","date_gmt":"2025-05-25T16:45:00","guid":{"rendered":"https:\/\/zonaroja.com.mx\/?p=80678"},"modified":"2025-05-25T07:12:32","modified_gmt":"2025-05-25T13:12:32","slug":"defensa-de-grupos-vulnerables-prioridad-judicial-jaime-allier","status":"publish","type":"post","link":"https:\/\/zonaroja.com.mx\/?p=80678","title":{"rendered":"Defensa de grupos vulnerables, prioridad judicial: Jaime Allier"},"content":{"rendered":"\n<p>Raymundo Morales\/Zona Roja.&nbsp;&nbsp;<\/p>\n\n\n\n<p>Oaxaca, Oax., a 25 de mayo de 2025.- \u201cSi por defender los intereses de las personas trabajadoras y de los grupos vulnerables se me considera socialista, lo soy, no lo voy a negar\u201d, se\u00f1al\u00f3 el candidato a Ministro Jaime Allier Campuzano durante una entrevista.<\/p>\n\n\n\n<p>El tambien Magistrado de Circuito desde el a\u00f1o 2001, al contestar a la pregunta de si se consideraba un juzgador con ideales de izquierda, abundo \u201ccreo en la justicia social, creo en el derecho laboral, es mi especialidad, y el derecho laboral tiene esa naturaleza que va a defender al trabajador que se encuentra en un plano de inferioridad frente al patr\u00f3n.\u201d&nbsp;<\/p>\n\n\n\n<p>En ese tenor, detall\u00f3 su profunda preocupaci\u00f3n sobre los intereses de los grupos vulnerables, ya que en la realidad cotidiana se encuentran en un nivel de inferioridad frente a otros. \u201cPor ejemplo, tenemos los campesinos, los obreros, los ind\u00edgenas, la comunidad de la diversidad sexual, y las madres solteras, entre otros.\u201d<\/p>\n\n\n\n<p>En el transcurso de la entrevista, el candidato 35 en la boleta morada, remarc\u00f3 la importancia que las y los juzgadores dictaminen los asuntos que reciben de acuerdo al marco normativo vigente sin aceptar presiones de cualquiera de las partes involucradas.<\/p>\n\n\n\n<p>De esta forma, abund\u00f3, tambi\u00e9n se debe considerar \u201cla aplicaci\u00f3n de la perspectiva de g\u00e9nero, y tambi\u00e9n la perspectiva de adulto mayor, para favorecer a una persona, a un ser humano, que se encuentra en una situaci\u00f3n de vulnerabilidad\u201d.<\/p>\n\n\n\n<p>Allier Campuzano enfatiz\u00f3 que en la aplicaci\u00f3n de la justicia existen casos controversiales que deben ser analizados y explicados con t\u00e9cnica jur\u00eddica para evitar la desinformaci\u00f3n sobre el sentido de cualquier sentencia.<\/p>\n\n\n\n<p>Finalmente, el candidato a Ministro, Jaime Allier reforz\u00f3 que una de sus propuestas es la aplicaci\u00f3n de la justicia social con base en una interpretaci\u00f3n de las normas jur\u00eddicas en favor de los sectores m\u00e1s vulnerables, lo cual es una a\u00f1eja demanda en el pa\u00eds.<\/p>\n","protected":false},"excerpt":{"rendered":"<p>Raymundo Morales\/Zona Roja.&nbsp;&nbsp; Oaxaca, Oax., a 25 de mayo de 2025.- \u201cSi por defender los&hellip;<\/p>\n","protected":false},"author":2,"featured_media":80679,"comment_status":"closed","ping_status":"open","sticky":false,"template":"","format":"standard","meta":{"_lmt_disableupdate":"","_lmt_disable":"","_jetpack_memberships_contains_paid_content":false,"footnotes":""},"categories":[109,46],"tags":[4263],"class_list":["post-80678","post","type-post","status-publish","format-standard","has-post-thumbnail","hentry","category-minuto-a-minuto","category-zona-blanca","tag-jaime-allier-campuzano"],"jetpack_featured_media_url":"https:\/\/zonaroja.com.mx\/wp-content\/uploads\/2025\/05\/Jaime-Allier-Campuzano-2.jpg","jetpack_sharing_enabled":true,"_links":{"self":[{"href":"https:\/\/zonaroja.com.mx\/index.php?rest_route=\/wp\/v2\/posts\/80678","targetHints":{"allow":["GET"]}}],"collection":[{"href":"https:\/\/zonaroja.com.mx\/index.php?rest_route=\/wp\/v2\/posts"}],"about":[{"href":"https:\/\/zonaroja.com.mx\/index.php?rest_route=\/wp\/v2\/types\/post"}],"author":[{"embeddable":true,"href":"https:\/\/zonaroja.com.mx\/index.php?rest_route=\/wp\/v2\/users\/2"}],"replies":[{"embeddable":true,"href":"https:\/\/zonaroja.com.mx\/index.php?rest_route=%2Fwp%2Fv2%2Fcomments&post=80678"}],"version-history":[{"count":1,"href":"https:\/\/zonaroja.com.mx\/index.php?rest_route=\/wp\/v2\/posts\/80678\/revisions"}],"predecessor-version":[{"id":80680,"href":"https:\/\/zonaroja.com.mx\/index.php?rest_route=\/wp\/v2\/posts\/80678\/revisions\/80680"}],"wp:featuredmedia":[{"embeddable":true,"href":"https:\/\/zonaroja.com.mx\/index.php?rest_route=\/wp\/v2\/media\/80679"}],"wp:attachment":[{"href":"https:\/\/zonaroja.com.mx\/index.php?rest_route=%2Fwp%2Fv2%2Fmedia&parent=80678"}],"wp:term":[{"taxonomy":"category","embeddable":true,"href":"https:\/\/zonaroja.com.mx\/index.php?rest_route=%2Fwp%2Fv2%2Fcategories&post=80678"},{"taxonomy":"post_tag","embeddable":true,"href":"https:\/\/zonaroja.com.mx\/index.php?rest_route=%2Fwp%2Fv2%2Ftags&post=80678"}],"curies":[{"name":"wp","href":"https:\/\/api.w.org\/{rel}","templated":true}]}}