{"id":8069,"date":"2020-01-26T08:32:04","date_gmt":"2020-01-26T14:32:04","guid":{"rendered":"http:\/\/www.zonaroja.com.mx\/?p=8069"},"modified":"2020-01-26T10:47:50","modified_gmt":"2020-01-26T16:47:50","slug":"un-mexicano-clama-ayuda-para-salir-de-whuan-por-miedo-al-coronavirus","status":"publish","type":"post","link":"https:\/\/zonaroja.com.mx\/?p=8069","title":{"rendered":"Un mexicano clama ayuda para salir de Wuhan por miedo al coronavirus"},"content":{"rendered":"\n<p>Redacci\u00f3n\/Zona Roja.<\/p>\n\n\n\n<p>Ciudad de M\u00e9xico, 26 de enero de 2020.-\nEl mexicano Jes\u00fas Daniel Stamatis Portugal, quien vive en Wuhan -epicentro del\nbrote de coronavirus-, lanz\u00f3 ayer un llamado en Twitter al Gobierno de Estados\nUnidos para que lo apoye para salir v\u00eda a\u00e9rea, luego de que se revelara que EU\nevacuar\u00e1 a sus ciudadanos de esa ciudad china.<\/p>\n\n\n\n<p>\u00abFui al s\u00faper hace tres d\u00edas a\ncomprar v\u00edveres, estaba tan lleno que no compr\u00e9 mucho. Estaba hasta el tronco\nde gente, d\u00e1ndole la vuelta a los pasillos del s\u00faper y much\u00edsima gente\u00bb,\ncont\u00f3 en entrevista telef\u00f3nica al diario \u201cReforma\u201d.<\/p>\n\n\n\n<p>El arquitecto mexicano lleg\u00f3 desde 2012\na China tras recibir una beca del Ministerio de Comercio para aprender sobre el\ncultivo, procesamiento y utilizaci\u00f3n del bamb\u00fa.<\/p>\n\n\n\n<p>Tambi\u00e9n inst\u00f3 a funcionarios de la\nCanciller\u00eda mexicana a que intercedan por \u00e9l para poder salir en el avi\u00f3n\nestadounidense; el Embajador de EU en M\u00e9xico, Christopher Landau, le contest\u00f3\nque checar\u00eda con sus agregados consulares.<\/p>\n\n\n\n<p>\u00abLa verdad me activ\u00e9 cuando vi la\nnoticia del Presidente chino diciendo que esto est\u00e1 aceler\u00e1ndose\u00bb, dijo\nmientras espera en Wuhan, dijo al diario \u201cReforma\u201d.<\/p>\n\n\n\n<p>El mexicano es descendiente de\ninmigrantes chinos que llegaron a Sinaloa tres generaciones atr\u00e1s.<\/p>\n\n\n\n<p>Estados Unidos, que tiene dos casos\nconfirmados de coronavirus en su territorio, tiene previsto evacuar a unas 230\npersonas, entre diplom\u00e1ticos y ciudadanos estadounidenses, con un vuelo ch\u00e1rter\nel martes que contar\u00eda con personal m\u00e9dico para atender a los pasajeros.<\/p>\n\n\n\n<p>Adem\u00e1s, Francia, que registra tres casos, tambi\u00e9n est\u00e1 preparando una orden de evacuaci\u00f3n, inform\u00f3 South China Morning Post.<\/p>\n\n\n\n<figure class=\"wp-block-embed-youtube wp-block-embed is-type-video is-provider-youtube wp-embed-aspect-16-9 wp-has-aspect-ratio\"><div class=\"wp-block-embed__wrapper\">\n<iframe title=\"Un mexicano en cuarentena en China\" width=\"1170\" height=\"658\" src=\"https:\/\/www.youtube.com\/embed\/UZGs3xTIWZc?feature=oembed\" frameborder=\"0\" allow=\"accelerometer; autoplay; encrypted-media; gyroscope; picture-in-picture\" allowfullscreen><\/iframe>\n<\/div><\/figure>\n","protected":false},"excerpt":{"rendered":"<p>Redacci\u00f3n\/Zona Roja. Ciudad de M\u00e9xico, 26 de enero de 2020.- El mexicano Jes\u00fas Daniel Stamatis&hellip;<\/p>\n","protected":false},"author":2,"featured_media":8070,"comment_status":"closed","ping_status":"open","sticky":false,"template":"","format":"standard","meta":{"_lmt_disableupdate":"","_lmt_disable":"","_jetpack_memberships_contains_paid_content":false,"footnotes":""},"categories":[109,47],"tags":[1307],"class_list":["post-8069","post","type-post","status-publish","format-standard","has-post-thumbnail","hentry","category-minuto-a-minuto","category-zona-gris","tag-coronavirus-china"],"jetpack_featured_media_url":"https:\/\/zonaroja.com.mx\/wp-content\/uploads\/2020\/01\/Mexicano-en-Wuhan.jpg","jetpack_sharing_enabled":true,"_links":{"self":[{"href":"https:\/\/zonaroja.com.mx\/index.php?rest_route=\/wp\/v2\/posts\/8069","targetHints":{"allow":["GET"]}}],"collection":[{"href":"https:\/\/zonaroja.com.mx\/index.php?rest_route=\/wp\/v2\/posts"}],"about":[{"href":"https:\/\/zonaroja.com.mx\/index.php?rest_route=\/wp\/v2\/types\/post"}],"author":[{"embeddable":true,"href":"https:\/\/zonaroja.com.mx\/index.php?rest_route=\/wp\/v2\/users\/2"}],"replies":[{"embeddable":true,"href":"https:\/\/zonaroja.com.mx\/index.php?rest_route=%2Fwp%2Fv2%2Fcomments&post=8069"}],"version-history":[{"count":2,"href":"https:\/\/zonaroja.com.mx\/index.php?rest_route=\/wp\/v2\/posts\/8069\/revisions"}],"predecessor-version":[{"id":8075,"href":"https:\/\/zonaroja.com.mx\/index.php?rest_route=\/wp\/v2\/posts\/8069\/revisions\/8075"}],"wp:featuredmedia":[{"embeddable":true,"href":"https:\/\/zonaroja.com.mx\/index.php?rest_route=\/wp\/v2\/media\/8070"}],"wp:attachment":[{"href":"https:\/\/zonaroja.com.mx\/index.php?rest_route=%2Fwp%2Fv2%2Fmedia&parent=8069"}],"wp:term":[{"taxonomy":"category","embeddable":true,"href":"https:\/\/zonaroja.com.mx\/index.php?rest_route=%2Fwp%2Fv2%2Fcategories&post=8069"},{"taxonomy":"post_tag","embeddable":true,"href":"https:\/\/zonaroja.com.mx\/index.php?rest_route=%2Fwp%2Fv2%2Ftags&post=8069"}],"curies":[{"name":"wp","href":"https:\/\/api.w.org\/{rel}","templated":true}]}}