{"id":80698,"date":"2025-05-25T20:24:28","date_gmt":"2025-05-26T02:24:28","guid":{"rendered":"https:\/\/zonaroja.com.mx\/?p=80698"},"modified":"2025-05-25T20:24:29","modified_gmt":"2025-05-26T02:24:29","slug":"candidata-a-ministra-yasmin-esquivel-cierra-campana-en-oaxaca","status":"publish","type":"post","link":"https:\/\/zonaroja.com.mx\/?p=80698","title":{"rendered":"Candidata a ministra, Yasm\u00edn Esquivel, cierra campa\u00f1a en Oaxaca"},"content":{"rendered":"\n<p>Raymundo Morales\/Zona Roja.<\/p>\n\n\n\n<p>Oaxaca, Oax., a 25 de mayo de 2025.- Con recorridos en Tlacolula de Matamoros y Oaxaca de Ju\u00e1rez, la candidata a ministra, Yasm\u00edn Esquivel Mossa, cerro su campa\u00f1a en busca de continua en el cargo en la Suprema Corte de Justicia de la Naci\u00f3n.<\/p>\n\n\n\n<p>En el municipio de Tlacolula, acudi\u00f3 al tianguis semanal, donde salud\u00f3 y platic\u00f3 con comerciales y ciudadanos que acuden todos los domingos a realizar sus compras.&nbsp;<\/p>\n\n\n\n<p>Aqu\u00ed, Esquivel Mossa dirigi\u00f3 unas palabras a quienes se aproximaron a escucharla en el parque p\u00fablico: \u201cnos emociona venir, por el trato y el cari\u00f1o que nos demuestran ustedes, hoy les quiero platicar sobre esta reforma al Poder Judicial, esta urgente reforma.<\/p>\n\n\n\n<p>\u201cHoy les pregunto, \u00bfQu\u00e9 se hace cuando algo ya no funciona? Lo cambiamos, lo transformamos, actualmente los jueces s\u00f3lo almacenan expedientes, sobre todo aqu\u00ed en Oaxaca, se me han aproximado algunos de ustedes con casos verdaderamente dif\u00edciles y que ah\u00ed est\u00e1n, sin avanzar.<\/p>\n\n\n\n<p>\u201cHoy ustedes, el pueblo de M\u00e9xico, tiene la gran oportunidad de elegir a los jueces, a las ministras, a los ministros, de elegir a las personas que van a impartir justicia, esto por primera vez en la historia, y hoy me presento ante ustedes con una nueva visi\u00f3n de justicia, en la boleta morada, con el n\u00famero ocho, con eso me pueden apoyar\u201d agreg\u00f3 en su mensaje. &nbsp;<\/p>\n\n\n\n<p>Posteriormente, recorri\u00f3 los tradicionales puestos de tlayudas, pan, caf\u00e9, artesan\u00edas y finalmente degust\u00f3 la tradicional barbacoa de Tlacolula.&nbsp;<\/p>\n\n\n\n<p>M\u00e1s tarde, acompa\u00f1ada de empresarios y ciudadanos, arrib\u00f3 hasta el mercado \u201cBenito Ju\u00e1rez\u201d del centro de la ciudad de Oaxaca, recorri\u00f3 sus pasillos y difundi\u00f3 su candidatura a ministra de las Suprema Corte entre los comerciantes, atendi\u00f3 a medios de comunicaci\u00f3n y a quienes se le aproximaban solicitando atenci\u00f3n a casos que se encuentran \u201cencarpetados\u201d en algunos juzgados.&nbsp;<\/p>\n\n\n\n<p>El empresario Germ\u00e1n Simancas la acompa\u00f1\u00f3 al interior del mercado \u201c20 de Noviembre\u201d, ah\u00ed le comparti\u00f3 parte de la gastronom\u00eda que caracteriza a este lugar tur\u00edstico, el pasillo de humo, en donde compartieron las deliciosas carnes asadas, las tlayudas y las aguas frescas. &nbsp;<\/p>\n\n\n\n<p>Una vez finalizado su recorrido, un contingente ataviado con vestimentas de las regiones del estado la acompa\u00f1\u00f3 entre m\u00fasica y baile hasta el kiosco del z\u00f3calo capitalino.&nbsp;<\/p>\n\n\n\n<p>Ante gritos de respaldo y de j\u00fabilo, dio su mensaje a los ciudadanos ah\u00ed reunidos, \u201choy cerramos campa\u00f1a en el sureste, justo aqu\u00ed en la tierra de Benito Ju\u00e1rez.<\/p>\n\n\n\n<p>\u201cEstar en Oaxaca es motivo de alegr\u00eda y de llevarles el mensaje, acudamos a votar, garantizado est\u00e1 nuestro voto libre, universal y secreto, as\u00ed que este 1 de junio, vamos todos a votar por transformar la Justicia, acabar con aquello que no sirve, a acabar con la corrupci\u00f3n en el poder judicial, por eso, en la boleta morada, con el n\u00famero 08, con eso podremos juntos ser parte de la historia\u201d.&nbsp;<\/p>\n\n\n\n<p>La ministra cerr\u00f3 la concentraci\u00f3n ante aplausos, m\u00fasica y baile.<\/p>\n","protected":false},"excerpt":{"rendered":"<p>Raymundo Morales\/Zona Roja. Oaxaca, Oax., a 25 de mayo de 2025.- Con recorridos en Tlacolula&hellip;<\/p>\n","protected":false},"author":2,"featured_media":80699,"comment_status":"closed","ping_status":"open","sticky":false,"template":"","format":"standard","meta":{"_lmt_disableupdate":"","_lmt_disable":"","_jetpack_memberships_contains_paid_content":false,"footnotes":""},"categories":[109,46],"tags":[3361],"class_list":["post-80698","post","type-post","status-publish","format-standard","has-post-thumbnail","hentry","category-minuto-a-minuto","category-zona-blanca","tag-yasmin-esquivel-mossa"],"jetpack_featured_media_url":"https:\/\/zonaroja.com.mx\/wp-content\/uploads\/2025\/05\/Yasmin-Esquivel-en-Oaxaca.jpg","jetpack_sharing_enabled":true,"_links":{"self":[{"href":"https:\/\/zonaroja.com.mx\/index.php?rest_route=\/wp\/v2\/posts\/80698","targetHints":{"allow":["GET"]}}],"collection":[{"href":"https:\/\/zonaroja.com.mx\/index.php?rest_route=\/wp\/v2\/posts"}],"about":[{"href":"https:\/\/zonaroja.com.mx\/index.php?rest_route=\/wp\/v2\/types\/post"}],"author":[{"embeddable":true,"href":"https:\/\/zonaroja.com.mx\/index.php?rest_route=\/wp\/v2\/users\/2"}],"replies":[{"embeddable":true,"href":"https:\/\/zonaroja.com.mx\/index.php?rest_route=%2Fwp%2Fv2%2Fcomments&post=80698"}],"version-history":[{"count":1,"href":"https:\/\/zonaroja.com.mx\/index.php?rest_route=\/wp\/v2\/posts\/80698\/revisions"}],"predecessor-version":[{"id":80700,"href":"https:\/\/zonaroja.com.mx\/index.php?rest_route=\/wp\/v2\/posts\/80698\/revisions\/80700"}],"wp:featuredmedia":[{"embeddable":true,"href":"https:\/\/zonaroja.com.mx\/index.php?rest_route=\/wp\/v2\/media\/80699"}],"wp:attachment":[{"href":"https:\/\/zonaroja.com.mx\/index.php?rest_route=%2Fwp%2Fv2%2Fmedia&parent=80698"}],"wp:term":[{"taxonomy":"category","embeddable":true,"href":"https:\/\/zonaroja.com.mx\/index.php?rest_route=%2Fwp%2Fv2%2Fcategories&post=80698"},{"taxonomy":"post_tag","embeddable":true,"href":"https:\/\/zonaroja.com.mx\/index.php?rest_route=%2Fwp%2Fv2%2Ftags&post=80698"}],"curies":[{"name":"wp","href":"https:\/\/api.w.org\/{rel}","templated":true}]}}