{"id":80701,"date":"2025-05-25T20:35:03","date_gmt":"2025-05-26T02:35:03","guid":{"rendered":"https:\/\/zonaroja.com.mx\/?p=80701"},"modified":"2025-05-25T20:35:06","modified_gmt":"2025-05-26T02:35:06","slug":"opinion-la-manana-de-ayer","status":"publish","type":"post","link":"https:\/\/zonaroja.com.mx\/?p=80701","title":{"rendered":"Opini\u00f3n. La ma\u00f1ana de ayer"},"content":{"rendered":"\n<p>Diego Enrique Osorno*<\/p>\n\n\n\n<p>\u00bfAlgo cambi\u00f3 la ma\u00f1ana de ayer?<\/p>\n\n\n\n<p>Las semanas recientes han sido las de visas canceladas a gobernantes de Morena por el gobierno de EU, casi al mismo tiempo que recibe a familiares del Chapo Guzm\u00e1n, o que se filtra un supuesto viaje reciente a Cuba del expresidente Andr\u00e9s Manuel L\u00f3pez Obrador, la lista de narcopol\u00edticos mexicanos, y las pugnas entre mandos civiles y militares por el control del Centro Nacional de Inteligencia (CNI), incluyendo un controversial operativo realizado la madrugada del 4 de mayo en las oficinas del organismo ubicadas en Iztapalapa.<\/p>\n\n\n\n<p>Todo en el marco de la cruzada econ\u00f3mica de Donald Trump, las elecciones en ciernes del Poder Judicial y la llegada a la Embajada de EU de Ronald Johnson, un veterano de las fuerzas especiales del Ej\u00e9rcito Estadounidense y de la CIA, cuyo primer acto difundido consisti\u00f3 en una celebraci\u00f3n protagonizada por el actor y activista de ultraderecha, Eduardo Ver\u00e1stegui.<\/p>\n\n\n\n<p>En medio de esta danza metaf\u00edsica, la ma\u00f1ana de ayer en Palacio Nacional, el Secretario de Seguridad, Omar Garc\u00eda Harfuch, a nombre de un Gabinete de Seguridad unido en las ma\u00f1aneras, dividido el resto del d\u00eda, buscaba presumir resultados de la administraci\u00f3n de la presidenta Claudia Sheinbaum, del 1 de octubre de 2025 al pasado 18 de mayo: 21 mil 411 personas detenidas por delitos de alto impacto; 157 toneladas de droga aseguradas, as\u00ed como 2 millones 300 mil pastillas de fentanilo, 11 mil armas de fuego y 915 laboratorios clandestinos.<\/p>\n\n\n\n<p>Lo acompa\u00f1aban el Fiscal Alejandro Gertz Manero; la Secretaria de Gobernaci\u00f3n, Rosa Icela Rodr\u00edguez; el Secretario de la Defensa, Ricardo Trevilla Trejo; el Secretario de Marina, Raymundo Pedro Morales \u00c1ngeles; la titular del Secretariado Ejecutivo del Sistema Nacional de Seguridad, Marcela Figueroa; y el Comandante de la Guardia Nacional, Hern\u00e1n Cort\u00e9s Hern\u00e1ndez.<\/p>\n\n\n\n<p>*Escritor y periodista.<\/p>\n\n\n\n<p>@DiegoEOsorno.<\/p>\n","protected":false},"excerpt":{"rendered":"<p>Diego Enrique Osorno* \u00bfAlgo cambi\u00f3 la ma\u00f1ana de ayer? Las semanas recientes han sido las&hellip;<\/p>\n","protected":false},"author":2,"featured_media":67760,"comment_status":"closed","ping_status":"open","sticky":false,"template":"","format":"standard","meta":{"_lmt_disableupdate":"","_lmt_disable":"","_jetpack_memberships_contains_paid_content":false,"footnotes":""},"categories":[456,109],"tags":[3020],"class_list":["post-80701","post","type-post","status-publish","format-standard","has-post-thumbnail","hentry","category-columna","category-minuto-a-minuto","tag-diego-enrique-osorno"],"jetpack_featured_media_url":"https:\/\/zonaroja.com.mx\/wp-content\/uploads\/2024\/04\/Diego-Enrique-Osorno.jpeg","jetpack_sharing_enabled":true,"_links":{"self":[{"href":"https:\/\/zonaroja.com.mx\/index.php?rest_route=\/wp\/v2\/posts\/80701","targetHints":{"allow":["GET"]}}],"collection":[{"href":"https:\/\/zonaroja.com.mx\/index.php?rest_route=\/wp\/v2\/posts"}],"about":[{"href":"https:\/\/zonaroja.com.mx\/index.php?rest_route=\/wp\/v2\/types\/post"}],"author":[{"embeddable":true,"href":"https:\/\/zonaroja.com.mx\/index.php?rest_route=\/wp\/v2\/users\/2"}],"replies":[{"embeddable":true,"href":"https:\/\/zonaroja.com.mx\/index.php?rest_route=%2Fwp%2Fv2%2Fcomments&post=80701"}],"version-history":[{"count":1,"href":"https:\/\/zonaroja.com.mx\/index.php?rest_route=\/wp\/v2\/posts\/80701\/revisions"}],"predecessor-version":[{"id":80702,"href":"https:\/\/zonaroja.com.mx\/index.php?rest_route=\/wp\/v2\/posts\/80701\/revisions\/80702"}],"wp:featuredmedia":[{"embeddable":true,"href":"https:\/\/zonaroja.com.mx\/index.php?rest_route=\/wp\/v2\/media\/67760"}],"wp:attachment":[{"href":"https:\/\/zonaroja.com.mx\/index.php?rest_route=%2Fwp%2Fv2%2Fmedia&parent=80701"}],"wp:term":[{"taxonomy":"category","embeddable":true,"href":"https:\/\/zonaroja.com.mx\/index.php?rest_route=%2Fwp%2Fv2%2Fcategories&post=80701"},{"taxonomy":"post_tag","embeddable":true,"href":"https:\/\/zonaroja.com.mx\/index.php?rest_route=%2Fwp%2Fv2%2Ftags&post=80701"}],"curies":[{"name":"wp","href":"https:\/\/api.w.org\/{rel}","templated":true}]}}