{"id":80703,"date":"2025-05-26T07:31:03","date_gmt":"2025-05-26T13:31:03","guid":{"rendered":"https:\/\/zonaroja.com.mx\/?p=80703"},"modified":"2025-05-26T07:31:06","modified_gmt":"2025-05-26T13:31:06","slug":"detienen-a-11-elementos-de-la-guardia-nacional-por-huachicol-en-guanajuato","status":"publish","type":"post","link":"https:\/\/zonaroja.com.mx\/?p=80703","title":{"rendered":"Detienen a 11 elementos de la Guardia Nacional por \u201chuachicol\u201d en Guanajuato"},"content":{"rendered":"\n<p>Redacci\u00f3n\/Zona Roja Cdmx.<\/p>\n\n\n\n<p>Ciudad de M\u00e9xico, a 25 de mayo de 2025.- Polic\u00edas municipales de Apaseo el Alto, Guanajuato, detuvieron a once elementos de la Guardia Nacional (GN), a quienes sorprendieron extrayendo combustible de una toma clandestina de Petr\u00f3leos Mexicanos (Pemex).<\/p>\n\n\n\n<p>La captura de los agentes de la Guardia Nacional ocurri\u00f3 cerca de la medianoche del s\u00e1bado 24 de mayo en la comunidad El Espejo, en el municipio de Apaseo el Alto.<\/p>\n\n\n\n<p>A trav\u00e9s de una llamada an\u00f3nima al sistema de emergencias 911, se alert\u00f3 a la Polic\u00eda Municipal de Apaseo el Alto sobre movimientos sospechosos en la comunidad El Espejo, en las inmediaciones del macro nombramiento Apaseo-Palmillas.<\/p>\n\n\n\n<p>Elementos del Grupo de Operaciones Especiales de Apaseo el Alto y de la Polic\u00eda Municipal acudieron a la zona.<\/p>\n\n\n\n<p>En dicho lugar detectaron varias unidades de la Guardia Nacional resguardando un tractocami\u00f3n con auto tanque.<\/p>\n\n\n\n<p>Los agentes federales argumentaron que estaban protegiendo el sitio.<\/p>\n\n\n\n<p>La Polic\u00eda de Apaseo el Alto report\u00f3 que tras realizar una inspecci\u00f3n minuciosa en el \u00e1rea, se descubri\u00f3 que se trataba de una toma clandestina de Pemex conectada para la extracci\u00f3n il\u00edcita de hidrocarburos.<\/p>\n\n\n\n<p>La pipa estaba conectada a una toma clandestina, con la cual estaban extrayendo hidrocarburos de un ducto de Pemex.<\/p>\n\n\n\n<p>Al notar la presencia de los polic\u00edas municipales y verse descubiertos, algunas unidades de la Guardia Nacional huyeron del lugar apresuradamente.<\/p>\n\n\n\n<p>Tambi\u00e9n lograron escapar algunos civiles que se encontraban en el sitio a bordo de un veh\u00edculo tipo Charger.<\/p>\n\n\n\n<p>Sin embargo, la Polic\u00eda de Apaseo el Alto logr\u00f3 detener en flagrancia a once elementos de la Guardia Nacional.<\/p>\n\n\n\n<p>Los guardias detenidos son tres oficiales (dos tenientes y un subteniente). Uno de estos oficiales fue descubierto como chofer de la pipa que cargaba \u201chuachicol\u201d.<\/p>\n\n\n\n<p>Uno de los oficiales estaba uniformado y los otros dos vest\u00edan como civiles. Estos tres oficiales son originarios de Oaxaca, Hidalgo y del Estado de M\u00e9xico.<\/p>\n\n\n\n<p>Las autoridades tambi\u00e9n detuvieron a ocho elementos de la GN de escala b\u00e1sica, en su mayor\u00eda originarios de Tlaxcala y uno de Uruapan, Michoac\u00e1n.<\/p>\n\n\n\n<p>La Polic\u00eda Municipal de Apaseo el Alto report\u00f3 que durante la intervenci\u00f3n, adem\u00e1s de los agentes federales detenidos, se asegur\u00f3 armamento oficial y veh\u00edculos oficiales y civiles involucrados.<\/p>\n\n\n\n<p>Se report\u00f3 el aseguramiento de nueve fusiles de asalto, de los cuales, cuatro eran FX-05 calibre 5.56 x 45 mm, con matr\u00edculas:<\/p>\n\n\n\n<p>F15077344, F08013482, F14061342, 14061061. Cinco fusiles eran CZ805 Bren calibre 5.56 x 45 mm, con matr\u00edculas: B4316183, B388150, B544781, B530416, B755928.<\/p>\n\n\n\n<p>Las autoridades aseguraron dos unidades oficiales de la Guardia Nacional. Se trata de una camioneta Chevrolet Silverado con siglas 26958, y una camioneta Chevrolet Silverado con siglas 29215.<\/p>\n\n\n\n<p>Asimismo, aseguraron dos veh\u00edculos civiles. Una camioneta Nissan Rogue color guinda, modelo 2010, placas 601-XAC de la CDMX, y un tractocami\u00f3n con autotanque, presuntamente usado para transportar el combustible robado.<\/p>\n\n\n\n<p>Los once guardias nacionales detenidos, el armamento y los veh\u00edculos asegurados, fueron trasladados y puestos a disposici\u00f3n de la Fiscal\u00eda General de la Rep\u00fablica (FGR) con sede en Celaya.<\/p>\n\n\n\n<p>La Fiscal\u00eda General de la Rep\u00fablica inici\u00f3 una carpeta de investigaci\u00f3n formal por delitos federales y para deslindar responsabilidades.<\/p>\n\n\n\n<p>(Informaci\u00f3n de \u201cEl Financiero\u201d)<\/p>\n","protected":false},"excerpt":{"rendered":"<p>Redacci\u00f3n\/Zona Roja Cdmx. Ciudad de M\u00e9xico, a 25 de mayo de 2025.- Polic\u00edas municipales de&hellip;<\/p>\n","protected":false},"author":2,"featured_media":72145,"comment_status":"closed","ping_status":"open","sticky":false,"template":"","format":"standard","meta":{"_lmt_disableupdate":"","_lmt_disable":"","_jetpack_memberships_contains_paid_content":false,"footnotes":""},"categories":[109,47],"tags":[3459,278],"class_list":["post-80703","post","type-post","status-publish","format-standard","has-post-thumbnail","hentry","category-minuto-a-minuto","category-zona-gris","tag-apaseo-el-alto-guanajuato","tag-guardia-nacional"],"jetpack_featured_media_url":"https:\/\/zonaroja.com.mx\/wp-content\/uploads\/2024\/09\/Guardia-Nacional.jpg","jetpack_sharing_enabled":true,"_links":{"self":[{"href":"https:\/\/zonaroja.com.mx\/index.php?rest_route=\/wp\/v2\/posts\/80703","targetHints":{"allow":["GET"]}}],"collection":[{"href":"https:\/\/zonaroja.com.mx\/index.php?rest_route=\/wp\/v2\/posts"}],"about":[{"href":"https:\/\/zonaroja.com.mx\/index.php?rest_route=\/wp\/v2\/types\/post"}],"author":[{"embeddable":true,"href":"https:\/\/zonaroja.com.mx\/index.php?rest_route=\/wp\/v2\/users\/2"}],"replies":[{"embeddable":true,"href":"https:\/\/zonaroja.com.mx\/index.php?rest_route=%2Fwp%2Fv2%2Fcomments&post=80703"}],"version-history":[{"count":1,"href":"https:\/\/zonaroja.com.mx\/index.php?rest_route=\/wp\/v2\/posts\/80703\/revisions"}],"predecessor-version":[{"id":80704,"href":"https:\/\/zonaroja.com.mx\/index.php?rest_route=\/wp\/v2\/posts\/80703\/revisions\/80704"}],"wp:featuredmedia":[{"embeddable":true,"href":"https:\/\/zonaroja.com.mx\/index.php?rest_route=\/wp\/v2\/media\/72145"}],"wp:attachment":[{"href":"https:\/\/zonaroja.com.mx\/index.php?rest_route=%2Fwp%2Fv2%2Fmedia&parent=80703"}],"wp:term":[{"taxonomy":"category","embeddable":true,"href":"https:\/\/zonaroja.com.mx\/index.php?rest_route=%2Fwp%2Fv2%2Fcategories&post=80703"},{"taxonomy":"post_tag","embeddable":true,"href":"https:\/\/zonaroja.com.mx\/index.php?rest_route=%2Fwp%2Fv2%2Ftags&post=80703"}],"curies":[{"name":"wp","href":"https:\/\/api.w.org\/{rel}","templated":true}]}}