{"id":80705,"date":"2025-05-26T08:15:00","date_gmt":"2025-05-26T14:15:00","guid":{"rendered":"https:\/\/zonaroja.com.mx\/?p=80705"},"modified":"2025-05-26T07:38:25","modified_gmt":"2025-05-26T13:38:25","slug":"no-hay-paz-en-muchos-lugares-hay-mucha-inseguridad-arzbispo","status":"publish","type":"post","link":"https:\/\/zonaroja.com.mx\/?p=80705","title":{"rendered":"\u201cNo hay paz en muchos lugares; hay mucha inseguridad\u201d: Arzbispo"},"content":{"rendered":"\n<p>Raymundo Morales\/Zona Roja.<\/p>\n\n\n\n<p>Oaxaca, Oax., a 25 de mayo de 2025.- Durante su homil\u00eda de este domingo, el Arzobispo de Antequera Oaxaca, Pedro V\u00e1zquez Villalobos, lament\u00f3 que los ciudadanos contin\u00faen viviendo en la inseguridad.<\/p>\n\n\n\n<p>\u201cSabemos que no hay paz en muchos lugares, que hay mucha inseguridad, mucha violencia, no hay ese respeto. Con facilidad se persigue, se desaparece, se asesina, con mucha facilidad\u201d, lament\u00f3 el jerarca durante su mensaje a la feligres\u00eda cat\u00f3lica.<\/p>\n\n\n\n<p>Record\u00f3 que el Evangelio regala paz, para caminar y estar en paz: Mi paz les dejo, mi paz les doy, tambi\u00e9n nos ha dicho Nuestro Se\u00f1or el d\u00eda de hoy. \u00bfY s\u00ed estamos en paz con Dios, con nosotros mismos y los dem\u00e1s?\u201d.<\/p>\n\n\n\n<p>Enseguida precis\u00f3 que tambi\u00e9n los ciudadanos tienen responsabilidad para construir esa paz a fin de que haya armon\u00eda y buen entendimiento entre lo seres humanos.<\/p>\n\n\n\n<p>\u201cEn nuestro ambiente personal y en donde nosotros nos movemos, \u00bftrabajamos para que haya esa armon\u00eda y esa paz y ese buen entendimiento entre nosotros?, porque eso es lo importante, que nosotros tengamos esa vivencia y que no seamos causa de divisi\u00f3n, no seamos causa de odio, no provoquemos sentimientos de venganza, aprendamos a aceptarnos, a vivir en la armon\u00eda y en la paz, no nos enfrentemos\u201d, sostuvo.<\/p>\n\n\n\n<p>Convoc\u00f3 a la iglesia Cat\u00f3lica a trabajar, a poner su esfuerzo, para disfrutar de la paz, al lado de los eres queridos, de la familia, de los hijos.<\/p>\n","protected":false},"excerpt":{"rendered":"<p>Raymundo Morales\/Zona Roja. Oaxaca, Oax., a 25 de mayo de 2025.- Durante su homil\u00eda de&hellip;<\/p>\n","protected":false},"author":2,"featured_media":70612,"comment_status":"closed","ping_status":"open","sticky":false,"template":"","format":"standard","meta":{"_lmt_disableupdate":"","_lmt_disable":"","_jetpack_memberships_contains_paid_content":false,"footnotes":""},"categories":[109,46],"tags":[2219],"class_list":["post-80705","post","type-post","status-publish","format-standard","has-post-thumbnail","hentry","category-minuto-a-minuto","category-zona-blanca","tag-arzobispo-pedro-vazquez-villalobos"],"jetpack_featured_media_url":"https:\/\/zonaroja.com.mx\/wp-content\/uploads\/2024\/07\/Arzobispo-de-Oaxaca.jpg","jetpack_sharing_enabled":true,"_links":{"self":[{"href":"https:\/\/zonaroja.com.mx\/index.php?rest_route=\/wp\/v2\/posts\/80705","targetHints":{"allow":["GET"]}}],"collection":[{"href":"https:\/\/zonaroja.com.mx\/index.php?rest_route=\/wp\/v2\/posts"}],"about":[{"href":"https:\/\/zonaroja.com.mx\/index.php?rest_route=\/wp\/v2\/types\/post"}],"author":[{"embeddable":true,"href":"https:\/\/zonaroja.com.mx\/index.php?rest_route=\/wp\/v2\/users\/2"}],"replies":[{"embeddable":true,"href":"https:\/\/zonaroja.com.mx\/index.php?rest_route=%2Fwp%2Fv2%2Fcomments&post=80705"}],"version-history":[{"count":1,"href":"https:\/\/zonaroja.com.mx\/index.php?rest_route=\/wp\/v2\/posts\/80705\/revisions"}],"predecessor-version":[{"id":80706,"href":"https:\/\/zonaroja.com.mx\/index.php?rest_route=\/wp\/v2\/posts\/80705\/revisions\/80706"}],"wp:featuredmedia":[{"embeddable":true,"href":"https:\/\/zonaroja.com.mx\/index.php?rest_route=\/wp\/v2\/media\/70612"}],"wp:attachment":[{"href":"https:\/\/zonaroja.com.mx\/index.php?rest_route=%2Fwp%2Fv2%2Fmedia&parent=80705"}],"wp:term":[{"taxonomy":"category","embeddable":true,"href":"https:\/\/zonaroja.com.mx\/index.php?rest_route=%2Fwp%2Fv2%2Fcategories&post=80705"},{"taxonomy":"post_tag","embeddable":true,"href":"https:\/\/zonaroja.com.mx\/index.php?rest_route=%2Fwp%2Fv2%2Ftags&post=80705"}],"curies":[{"name":"wp","href":"https:\/\/api.w.org\/{rel}","templated":true}]}}