{"id":80728,"date":"2025-05-26T22:01:36","date_gmt":"2025-05-27T04:01:36","guid":{"rendered":"https:\/\/zonaroja.com.mx\/?p=80728"},"modified":"2025-05-26T22:01:38","modified_gmt":"2025-05-27T04:01:38","slug":"reanudar-clases-prioridad-gobernador-coadyuva-con-gobierno-federal","status":"publish","type":"post","link":"https:\/\/zonaroja.com.mx\/?p=80728","title":{"rendered":"Reanudar clases, prioridad: gobernador; coadyuva con gobierno federal"},"content":{"rendered":"\n<p>Redacci\u00f3n\/Zona Roja.<\/p>\n\n\n\n<p>Oaxaca, Oax., a 26 de mayo de 2025.- El gobernador Salom\u00f3n Jara Cruz afirm\u00f3 que su administraci\u00f3n coadyuva en la construcci\u00f3n de un acuerdo digno y justo con maestras y maestros integrantes de la Secci\u00f3n 22 del Sindicato Nacional de Trabajadores de la Educaci\u00f3n (SNTE), que derive en la reanudaci\u00f3n de las clases.<\/p>\n\n\n\n<p>Inform\u00f3 que, en la Ciudad de M\u00e9xico, donde se desarrolla el proceso de di\u00e1logo entre el Gobierno Federal y la dirigencia magisterial, se encuentra comisionado un grupo de funcionarios del Instituto Estatal de Educaci\u00f3n P\u00fablica de Oaxaca (IEEPO), encabezado por su director Emilio Montero P\u00e9rez; atento para intervenir en el momento que se requiera.<\/p>\n\n\n\n<p>\u201cOjal\u00e1 que sigan avanzando las conversaciones, que no se detengan. Y que se reinicien las clases lo m\u00e1s pronto posible, esa es nuestra principal preocupaci\u00f3n, la educaci\u00f3n para nuestras hijas e hijos es muy importante, es nuestra responsabilidad garantizar el acceso a la educaci\u00f3n de la ni\u00f1ez sin interrupciones\u201d, dijo, el mandatario estatal.<\/p>\n\n\n\n<p>Jara Cruz explic\u00f3 que est\u00e1n a la espera de que se realice la mesa trilateral, con la participaci\u00f3n de la representaci\u00f3n de la Secci\u00f3n XXII y los gobiernos federal y estatal; sin embargo, afirm\u00f3 que mantiene comunicaci\u00f3n permanente con la Presidenta Claudia Sheinbaum Pardo.<\/p>\n\n\n\n<p>Se\u00f1al\u00f3 que la atenci\u00f3n de las peticiones magisteriales tiene una implicaci\u00f3n econ\u00f3mica fuerte de 450 mil millones de pesos. Tan solo para cambiar la Ley del ISSSTE se requiere de un bill\u00f3n y medio de pesos, agreg\u00f3.<\/p>\n\n\n\n<p>\u201cHemos hecho un respetuoso llamado a la corresponsabilidad y al di\u00e1logo. Oaxaca necesita acuerdos y soluciones, no confrontaciones ni rupturas. Refrendamos nuestro respaldo pleno a la pol\u00edtica de di\u00e1logo encabezada por nuestra Presidenta\u201d, resalt\u00f3.<\/p>\n\n\n\n<p>IMPUESTO A REMESAS<\/p>\n\n\n\n<p>Por otra parte, el mandatario Jara Cruz hizo un llamado a las oaxaque\u00f1as y oaxaque\u00f1os que radican y trabajan en Estados Unidos para que alcen la voz en contra del impuesto del 3.5 por ciento a las remesas.<\/p>\n\n\n\n<p>\u201cEscriban cartas a las y los senadores estadounidenses y difundan en redes sociales el impacto negativo y la exigencia para que se detenga esta medida. Pienso ir a platicar con las y los paisanos para pedirles que nos organicemos y presionemos al Congreso de Estados Unidos\u201d, dijo.<\/p>\n\n\n\n<p>En conferencia de prensa, el gobernador afirm\u00f3 que su gobierno est\u00e1 listo para sumarse a las movilizaciones que convoque la Presidenta Claudia Sheinbaum Pardo, con el firme objetivo de defender los derechos de las y los mexicanos migrantes.<\/p>\n\n\n\n<figure class=\"wp-block-embed is-type-rich is-provider-twitter wp-block-embed-twitter\"><div class=\"wp-block-embed__wrapper\">\n<div class=\"twitter-tweet\"><blockquote class=\"twitter-tweet\" data-lang=\"es\"><p lang=\"es\" dir=\"ltr\">Esta ma\u00f1ana, en su conferencia de prensa, el gobernador <a href=\"https:\/\/twitter.com\/salomonj?ref_src=twsrc%5Etfw\">@salomonj<\/a> lament\u00f3 que se haya cancelado la reuni\u00f3n de la Coordinadora Nacional de Trabajadores de la Educaci\u00f3n con la presidenta <a href=\"https:\/\/twitter.com\/Claudiashein?ref_src=twsrc%5Etfw\">@Claudiashein<\/a>. <br><br>Inform\u00f3 que su gobierno ha estado atento para revisar los avances con el\u2026 <a href=\"https:\/\/t.co\/YYmyepRZNR\">pic.twitter.com\/YYmyepRZNR<\/a><\/p>&mdash; Zona Roja Oaxaca (@ZonaRoja_Oaxaca) <a href=\"https:\/\/twitter.com\/ZonaRoja_Oaxaca\/status\/1927033029601513687?ref_src=twsrc%5Etfw\">26 de mayo de 2025<\/a><\/blockquote><\/div>\n<\/div><\/figure>\n","protected":false},"excerpt":{"rendered":"<p>Redacci\u00f3n\/Zona Roja. Oaxaca, Oax., a 26 de mayo de 2025.- El gobernador Salom\u00f3n Jara Cruz&hellip;<\/p>\n","protected":false},"author":2,"featured_media":80732,"comment_status":"closed","ping_status":"open","sticky":false,"template":"","format":"standard","meta":{"_lmt_disableupdate":"","_lmt_disable":"","_jetpack_memberships_contains_paid_content":false,"footnotes":""},"categories":[109,46],"tags":[939],"class_list":["post-80728","post","type-post","status-publish","format-standard","has-post-thumbnail","hentry","category-minuto-a-minuto","category-zona-blanca","tag-salomon-jara-cruz"],"jetpack_featured_media_url":"https:\/\/zonaroja.com.mx\/wp-content\/uploads\/2025\/05\/Convoca-Salomon-Jara-a-participar-este-1-de-junio-en-la-jornada-de-eleccion-del-Poder-Judicial-de-la-Federacion.jpeg","jetpack_sharing_enabled":true,"_links":{"self":[{"href":"https:\/\/zonaroja.com.mx\/index.php?rest_route=\/wp\/v2\/posts\/80728","targetHints":{"allow":["GET"]}}],"collection":[{"href":"https:\/\/zonaroja.com.mx\/index.php?rest_route=\/wp\/v2\/posts"}],"about":[{"href":"https:\/\/zonaroja.com.mx\/index.php?rest_route=\/wp\/v2\/types\/post"}],"author":[{"embeddable":true,"href":"https:\/\/zonaroja.com.mx\/index.php?rest_route=\/wp\/v2\/users\/2"}],"replies":[{"embeddable":true,"href":"https:\/\/zonaroja.com.mx\/index.php?rest_route=%2Fwp%2Fv2%2Fcomments&post=80728"}],"version-history":[{"count":1,"href":"https:\/\/zonaroja.com.mx\/index.php?rest_route=\/wp\/v2\/posts\/80728\/revisions"}],"predecessor-version":[{"id":80733,"href":"https:\/\/zonaroja.com.mx\/index.php?rest_route=\/wp\/v2\/posts\/80728\/revisions\/80733"}],"wp:featuredmedia":[{"embeddable":true,"href":"https:\/\/zonaroja.com.mx\/index.php?rest_route=\/wp\/v2\/media\/80732"}],"wp:attachment":[{"href":"https:\/\/zonaroja.com.mx\/index.php?rest_route=%2Fwp%2Fv2%2Fmedia&parent=80728"}],"wp:term":[{"taxonomy":"category","embeddable":true,"href":"https:\/\/zonaroja.com.mx\/index.php?rest_route=%2Fwp%2Fv2%2Fcategories&post=80728"},{"taxonomy":"post_tag","embeddable":true,"href":"https:\/\/zonaroja.com.mx\/index.php?rest_route=%2Fwp%2Fv2%2Ftags&post=80728"}],"curies":[{"name":"wp","href":"https:\/\/api.w.org\/{rel}","templated":true}]}}