{"id":8073,"date":"2020-01-26T10:33:27","date_gmt":"2020-01-26T16:33:27","guid":{"rendered":"https:\/\/www.zonaroja.com.mx\/?p=8073"},"modified":"2020-01-26T10:39:27","modified_gmt":"2020-01-26T16:39:27","slug":"tras-masacre-de-familia-ixtayutla-realiza-asamblea-urgente-comuna-exige","status":"publish","type":"post","link":"https:\/\/zonaroja.com.mx\/?p=8073","title":{"rendered":"Tras masacre de familia, Ixtayutla realiza asamblea urgente; Comuna exige"},"content":{"rendered":"\n<p>justicia Redacci\u00f3n\/Zona Roja. <\/p>\n\n\n\n<p>Oaxaca de Ju\u00e1rez, Oax.. 26 de enero de 2020.- Luego de la masacre de una familia, en que murieron una mujer y dos menores, adem\u00e1s de varios lesionados, la comunidad coste\u00f1a de El Huamuche, Santiago Ixtayutla, realiza hoy una asamblea urgente a fin de tomar medidas y exigir justicia. <\/p>\n\n\n\n<p>A su vez, la organizaci\u00f3n Comuna Oaxaca, que lideran entre otros Flavio Sosa Villavicencio, demand\u00f3 aplicaci\u00f3n inmediata de la ley y esclarecimiento de los hechos. <\/p>\n\n\n\n<p>\u201cExigimos al gobierno de Alejandro Murat Hinojosa se atienda de la mejor manera a los sobrevivientes del brutal ataque y se castigue a los criminales. Jes\u00fas Merino Merino el d\u00eda de ayer particip\u00f3 en labores comunitarias y al llegar a su casa fue brutalmente atacado \u00e9l y su familia\u201d, difundi\u00f3 en redes sociales. <\/p>\n\n\n\n<p>\u201cExigimos se aprehenda y castigue a los asesinos. El Huamuche, Ixtayutla, es una comunidad mixteca; los asesinos eran mestizos y hablaban espa\u00f1ol, nos informan. En estos momentos se est\u00e1 llevando a cabo una asamblea en El Huamuche para organizarse y exigir justicia en el caso de las menores asesinadas\u201d, agreg\u00f3. <\/p>\n\n\n\n<p>Detall\u00f3 que el comunero Jes\u00fas Merino se encuentra herido junto con otros miembros de la familia.<\/p>\n\n\n\n<p>En tanto, la Fiscal\u00eda General del Estado inform\u00f3 en un comunicado emitido en los primeros minutos de este domingo, que ya investiga el caso. <\/p>\n\n\n\n<p><\/p>\n","protected":false},"excerpt":{"rendered":"<p>justicia Redacci\u00f3n\/Zona Roja. Oaxaca de Ju\u00e1rez, Oax.. 26 de enero de 2020.- Luego de la&hellip;<\/p>\n","protected":false},"author":2,"featured_media":8072,"comment_status":"closed","ping_status":"open","sticky":false,"template":"","format":"standard","meta":{"_lmt_disableupdate":"","_lmt_disable":"","_jetpack_memberships_contains_paid_content":false,"footnotes":""},"categories":[109,51],"tags":[1321],"class_list":["post-8073","post","type-post","status-publish","format-standard","has-post-thumbnail","hentry","category-minuto-a-minuto","category-zona-roja","tag-el-huamuche-santiago-ixtayutla"],"jetpack_featured_media_url":"https:\/\/zonaroja.com.mx\/wp-content\/uploads\/2020\/01\/img_2594.jpg","jetpack_sharing_enabled":true,"_links":{"self":[{"href":"https:\/\/zonaroja.com.mx\/index.php?rest_route=\/wp\/v2\/posts\/8073","targetHints":{"allow":["GET"]}}],"collection":[{"href":"https:\/\/zonaroja.com.mx\/index.php?rest_route=\/wp\/v2\/posts"}],"about":[{"href":"https:\/\/zonaroja.com.mx\/index.php?rest_route=\/wp\/v2\/types\/post"}],"author":[{"embeddable":true,"href":"https:\/\/zonaroja.com.mx\/index.php?rest_route=\/wp\/v2\/users\/2"}],"replies":[{"embeddable":true,"href":"https:\/\/zonaroja.com.mx\/index.php?rest_route=%2Fwp%2Fv2%2Fcomments&post=8073"}],"version-history":[{"count":1,"href":"https:\/\/zonaroja.com.mx\/index.php?rest_route=\/wp\/v2\/posts\/8073\/revisions"}],"predecessor-version":[{"id":8074,"href":"https:\/\/zonaroja.com.mx\/index.php?rest_route=\/wp\/v2\/posts\/8073\/revisions\/8074"}],"wp:featuredmedia":[{"embeddable":true,"href":"https:\/\/zonaroja.com.mx\/index.php?rest_route=\/wp\/v2\/media\/8072"}],"wp:attachment":[{"href":"https:\/\/zonaroja.com.mx\/index.php?rest_route=%2Fwp%2Fv2%2Fmedia&parent=8073"}],"wp:term":[{"taxonomy":"category","embeddable":true,"href":"https:\/\/zonaroja.com.mx\/index.php?rest_route=%2Fwp%2Fv2%2Fcategories&post=8073"},{"taxonomy":"post_tag","embeddable":true,"href":"https:\/\/zonaroja.com.mx\/index.php?rest_route=%2Fwp%2Fv2%2Ftags&post=8073"}],"curies":[{"name":"wp","href":"https:\/\/api.w.org\/{rel}","templated":true}]}}