{"id":80740,"date":"2025-05-27T07:15:00","date_gmt":"2025-05-27T13:15:00","guid":{"rendered":"https:\/\/zonaroja.com.mx\/?p=80740"},"modified":"2025-05-27T06:23:48","modified_gmt":"2025-05-27T12:23:48","slug":"detienen-en-chihuahua-a-homicida-de-la-zona-mixe-de-oaxaca","status":"publish","type":"post","link":"https:\/\/zonaroja.com.mx\/?p=80740","title":{"rendered":"Detienen en Chihuahua a homicida de la zona Mixe de Oaxaca"},"content":{"rendered":"\n<p>Redacci\u00f3n\/Zona Roja.<\/p>\n\n\n\n<p>Oaxaca, Oax., a 27 de mayo de 2025.- La Fiscal\u00eda General del Estado de Oaxaca (FGEO) obtuvo la vinculaci\u00f3n a proceso y prisi\u00f3n en contra de una persona del sexo masculino identificada como U. J. A., aprehendido en el estado de Chihuahua e imputado por el delito de homicidio ocurrido en la zona Mixe.<\/p>\n\n\n\n<p>De acuerdo con la carpeta de investigaci\u00f3n, U. J. A. fue detenido por elementos de la Agencia Estatal de Investigaciones (AEI) adscritos a la Vicefiscal\u00eda General de Control Regional de Oaxaca en coordinaci\u00f3n con Agentes de Investigaci\u00f3n del estado de Chihuahua, derivado de hechos ocurridos el 25 de junio de 2020 en el que fue privado de la vida un hombre identificado como J. J. D.<\/p>\n\n\n\n<p>La investigaci\u00f3n revela que el delito ocurri\u00f3 en la agencia de Cerro Pel\u00f3n perteneciente a San Pedro y San Pablo Ayutla Mixe, lugar donde atacaron a la v\u00edctima.<\/p>\n\n\n\n<p>Una vez que la FGEO inici\u00f3 las investigaciones ministeriales a trav\u00e9s la Vicefiscal\u00eda General de Control Regional, obtuvo una orden de aprehensi\u00f3n contra U. J. A., y una vez localizado en otra entidad, logr\u00f3 su captura para posteriormente presentarlo ante la autoridad competente.<\/p>\n\n\n\n<p>Tras el desahogo de pruebas aportadas por la FGEO, el juez de la causa dict\u00f3 vinculaci\u00f3n a proceso en contra de U.J.A., por el delito de homicidio e impuso la medida cautelar de prisi\u00f3n preventiva justificada otorgando el plazo de un mes para el cierre de la investigaci\u00f3n complementaria.<\/p>\n\n\n\n<p>OTRO A PROCESO<\/p>\n\n\n\n<p>En otro caso, la Fiscal\u00eda General obtuvo auto de vinculaci\u00f3n a proceso y prisi\u00f3n preventiva en contra de una persona del sexo masculino identificado como I. B. M., por el delito de tentativa de homicidio calificado con ventaja, hecho ocurrido en la regi\u00f3n de la Sierra de Flores Mag\u00f3n.<\/p>\n\n\n\n<p>De acuerdo con la causa penal, los hechos sucedieron el 27 de abril de 2019, en un establecimiento ubicado en la calle Mar\u00eda Sabina, perteneciente al municipio de Huautla de Jim\u00e9nez, donde la v\u00edctima -identificada como A.G.G.-, fue atacada con disparos de arma de fuego, sufriendo lesiones que pusieron en riesgo su vida.<\/p>\n\n\n\n<p>Ante estos hechos, la FGEO inici\u00f3 las investigaciones correspondientes a trav\u00e9s de la Vicefiscal\u00eda General de Control Regional, las cuales permitieron obtener la orden de aprehensi\u00f3n y posteriormente la detenci\u00f3n de I.B.M., quien qued\u00f3 a disposici\u00f3n de la autoridad que lo requiri\u00f3 para su proceso legal correspondiente.<\/p>\n\n\n\n<p>Luego de la primera audiencia y, gracias a las investigaciones iniciales realizadas por la FGEO, el Juez de la causa dict\u00f3 auto de vinculaci\u00f3n a proceso en contra de I.B.M., e impuso la medida cautelar de prisi\u00f3n preventiva justificada, adem\u00e1s que otorg\u00f3 un plazo de tres meses para el cierre de la investigaci\u00f3n complementaria.<\/p>\n\n\n\n<p>OTRO PROCESADO<\/p>\n\n\n\n<p>En tanto, la instituci\u00f3n obtuvo auto de vinculaci\u00f3n a proceso contra la persona del sexo masculino identificada como M.G.R., por el delito de tentativa de feminicidio en contra de su pareja, hechos ocurridos en la Sierra Norte de Oaxaca.<\/p>\n\n\n\n<p>De acuerdo con la carpeta de investigaci\u00f3n, los hechos ocurrieron el 07 de mayo de 2025, en un domicilio ubicado en el Barrio Cuatro Caminos, perteneciente al municipio de Natividad, distrito de Ixtl\u00e1n de Ju\u00e1rez, donde atacaron a la v\u00edctima con un arma corto contundente, caus\u00e1ndole lesiones en diversas partes del cuerpo que pusieron en peligro su vida.<\/p>\n\n\n\n<p>Ante estos hechos y, tras la solicitud de auxilio de la v\u00edctima que cont\u00f3 con el apoyo de un grupo de vecinos, la polic\u00eda municipal de la zona intervino y logr\u00f3 la detenci\u00f3n en flagrancia del imputado, quien fue se\u00f1alado como la persona que ejerci\u00f3 violencia en contra de la v\u00edctima, por lo que M.G.R. fue puesto a disposici\u00f3n de la autoridad correspondiente.<\/p>\n\n\n\n<p>Derivado de las investigaciones ministeriales que lleva a cabo la FGEO, a trav\u00e9s de la Vicefiscal\u00eda de Control Regional aport\u00f3 los datos de prueba que el Juez de la causa valor\u00f3 y calific\u00f3 como legal la detenci\u00f3n y posteriormente dict\u00f3 auto de vinculaci\u00f3n a proceso en contra de M.G.R., por el delito de tentativa de feminicidio e impuso la medida cautelar de prisi\u00f3n preventiva justificada, adem\u00e1s de otorgar cuatro meses para el cierre de investigaci\u00f3n complementaria.<\/p>\n","protected":false},"excerpt":{"rendered":"<p>Redacci\u00f3n\/Zona Roja. Oaxaca, Oax., a 27 de mayo de 2025.- La Fiscal\u00eda General del Estado&hellip;<\/p>\n","protected":false},"author":2,"featured_media":80741,"comment_status":"closed","ping_status":"open","sticky":false,"template":"","format":"standard","meta":{"_lmt_disableupdate":"","_lmt_disable":"","_jetpack_memberships_contains_paid_content":false,"footnotes":""},"categories":[109,46],"tags":[494],"class_list":["post-80740","post","type-post","status-publish","format-standard","has-post-thumbnail","hentry","category-minuto-a-minuto","category-zona-blanca","tag-fiscalia-general-del-estado-de-oaxaca"],"jetpack_featured_media_url":"https:\/\/zonaroja.com.mx\/wp-content\/uploads\/2025\/05\/DEtenido-en-Chihuahua-homicida-zona-mixe.jpeg","jetpack_sharing_enabled":true,"_links":{"self":[{"href":"https:\/\/zonaroja.com.mx\/index.php?rest_route=\/wp\/v2\/posts\/80740","targetHints":{"allow":["GET"]}}],"collection":[{"href":"https:\/\/zonaroja.com.mx\/index.php?rest_route=\/wp\/v2\/posts"}],"about":[{"href":"https:\/\/zonaroja.com.mx\/index.php?rest_route=\/wp\/v2\/types\/post"}],"author":[{"embeddable":true,"href":"https:\/\/zonaroja.com.mx\/index.php?rest_route=\/wp\/v2\/users\/2"}],"replies":[{"embeddable":true,"href":"https:\/\/zonaroja.com.mx\/index.php?rest_route=%2Fwp%2Fv2%2Fcomments&post=80740"}],"version-history":[{"count":1,"href":"https:\/\/zonaroja.com.mx\/index.php?rest_route=\/wp\/v2\/posts\/80740\/revisions"}],"predecessor-version":[{"id":80742,"href":"https:\/\/zonaroja.com.mx\/index.php?rest_route=\/wp\/v2\/posts\/80740\/revisions\/80742"}],"wp:featuredmedia":[{"embeddable":true,"href":"https:\/\/zonaroja.com.mx\/index.php?rest_route=\/wp\/v2\/media\/80741"}],"wp:attachment":[{"href":"https:\/\/zonaroja.com.mx\/index.php?rest_route=%2Fwp%2Fv2%2Fmedia&parent=80740"}],"wp:term":[{"taxonomy":"category","embeddable":true,"href":"https:\/\/zonaroja.com.mx\/index.php?rest_route=%2Fwp%2Fv2%2Fcategories&post=80740"},{"taxonomy":"post_tag","embeddable":true,"href":"https:\/\/zonaroja.com.mx\/index.php?rest_route=%2Fwp%2Fv2%2Ftags&post=80740"}],"curies":[{"name":"wp","href":"https:\/\/api.w.org\/{rel}","templated":true}]}}