{"id":80743,"date":"2025-05-27T08:15:00","date_gmt":"2025-05-27T14:15:00","guid":{"rendered":"https:\/\/zonaroja.com.mx\/?p=80743"},"modified":"2025-05-27T06:31:31","modified_gmt":"2025-05-27T12:31:31","slug":"matan-a-balazos-a-un-adolescente-en-costa-de-oaxaca","status":"publish","type":"post","link":"https:\/\/zonaroja.com.mx\/?p=80743","title":{"rendered":"Matan a balazos a un adolescente en Costa de Oaxaca"},"content":{"rendered":"\n<p>Ismael Garc\u00eda M.\/Zona Roja.<\/p>\n\n\n\n<p>Oaxaca, Oax., a 27 de mayo de 2025.- Un adolescente de 14 a\u00f1os de edad fue asesinado a balazos la tarde de ayer lunes en el municipio coste\u00f1o de San Andr\u00e9s Huaxpaltepec.<\/p>\n\n\n\n<p>De acuerdo con los primeros reportes policiacos, la v\u00edctima fue identificada como Jes\u00fas Daniel \u201cN\u201d, de 14 a\u00f1os de edad, quien fue ultimado en la v\u00eda p\u00fablica.<\/p>\n\n\n\n<p>Hasta el momento no hay personas se\u00f1aladas o detenidas por este crimen y personal de la Vicefiscal\u00eda Regional de la Costa, dependiente de la Fiscal\u00eda General del Estado, ha iniciado las indagatorias del caso.<\/p>\n\n\n\n<p>Por otra parte, ayer por la tarde se registr\u00f3 un ataque armado en un domicilio de la Segunda Secci\u00f3n de Juchit\u00e1n de Zaragoza.<\/p>\n\n\n\n<p>La agresi\u00f3n dej\u00f3 como saldo una persona lesionada, identificada como V\u00edctor B., quien se encontraba en un casa de la calle 2 de Abril y era de oficio taxista.<\/p>\n\n\n\n<p>Presenta al menos dos impactos de bala, uno de ellos en el abdomen, por lo cual fue trasladado grave de salud a un hospital, donde convalece.<\/p>\n\n\n\n<p>En tanto, como se inform\u00f3 ayer, otra persona del sexo masculino fue asesinada tras un asalto en una miscel\u00e1nea, en el municipio de Santa Cruz Xoxocotl\u00e1n.<\/p>\n\n\n\n<p>Mientras que en el barrio de Santa Cruz Tagolaba, Santo Domingo Tehuantepec, fue ejecutado Anastasio Guti\u00e9rrez Garc\u00eda, m\u00e1s conocido como \u201cTacho Canasta\u201d, ex dirigente de los comuneros de dicha demarcaci\u00f3n.<\/p>\n","protected":false},"excerpt":{"rendered":"<p>Ismael Garc\u00eda M.\/Zona Roja. Oaxaca, Oax., a 27 de mayo de 2025.- Un adolescente de&hellip;<\/p>\n","protected":false},"author":2,"featured_media":69467,"comment_status":"closed","ping_status":"open","sticky":false,"template":"","format":"standard","meta":{"_lmt_disableupdate":"","_lmt_disable":"","_jetpack_memberships_contains_paid_content":false,"footnotes":""},"categories":[109,51],"tags":[2051],"class_list":["post-80743","post","type-post","status-publish","format-standard","has-post-thumbnail","hentry","category-minuto-a-minuto","category-zona-roja","tag-san-andres-huaxpaltepec"],"jetpack_featured_media_url":"https:\/\/zonaroja.com.mx\/wp-content\/uploads\/2024\/06\/Asesinato-escena-crimen.jpeg","jetpack_sharing_enabled":true,"_links":{"self":[{"href":"https:\/\/zonaroja.com.mx\/index.php?rest_route=\/wp\/v2\/posts\/80743","targetHints":{"allow":["GET"]}}],"collection":[{"href":"https:\/\/zonaroja.com.mx\/index.php?rest_route=\/wp\/v2\/posts"}],"about":[{"href":"https:\/\/zonaroja.com.mx\/index.php?rest_route=\/wp\/v2\/types\/post"}],"author":[{"embeddable":true,"href":"https:\/\/zonaroja.com.mx\/index.php?rest_route=\/wp\/v2\/users\/2"}],"replies":[{"embeddable":true,"href":"https:\/\/zonaroja.com.mx\/index.php?rest_route=%2Fwp%2Fv2%2Fcomments&post=80743"}],"version-history":[{"count":1,"href":"https:\/\/zonaroja.com.mx\/index.php?rest_route=\/wp\/v2\/posts\/80743\/revisions"}],"predecessor-version":[{"id":80744,"href":"https:\/\/zonaroja.com.mx\/index.php?rest_route=\/wp\/v2\/posts\/80743\/revisions\/80744"}],"wp:featuredmedia":[{"embeddable":true,"href":"https:\/\/zonaroja.com.mx\/index.php?rest_route=\/wp\/v2\/media\/69467"}],"wp:attachment":[{"href":"https:\/\/zonaroja.com.mx\/index.php?rest_route=%2Fwp%2Fv2%2Fmedia&parent=80743"}],"wp:term":[{"taxonomy":"category","embeddable":true,"href":"https:\/\/zonaroja.com.mx\/index.php?rest_route=%2Fwp%2Fv2%2Fcategories&post=80743"},{"taxonomy":"post_tag","embeddable":true,"href":"https:\/\/zonaroja.com.mx\/index.php?rest_route=%2Fwp%2Fv2%2Ftags&post=80743"}],"curies":[{"name":"wp","href":"https:\/\/api.w.org\/{rel}","templated":true}]}}