{"id":80749,"date":"2025-05-27T10:21:00","date_gmt":"2025-05-27T16:21:00","guid":{"rendered":"https:\/\/zonaroja.com.mx\/?p=80749"},"modified":"2025-05-27T07:47:14","modified_gmt":"2025-05-27T13:47:14","slug":"estancada-la-industria-del-mezcal-en-oaxaca","status":"publish","type":"post","link":"https:\/\/zonaroja.com.mx\/?p=80749","title":{"rendered":"Estancada, la industria del mezcal en Oaxaca"},"content":{"rendered":"\n<p>Redacci\u00f3n\/Estado 20.<\/p>\n\n\n\n<p>Oaxaca, Oax., a 27 de junio de 2025.- Organizaciones de la industria del mezcal informaron que presentaron un recurso de revisi\u00f3n contra la ampliaci\u00f3n de la denominaci\u00f3n de origen mezcal para siete municipios de Aguascalientes; advirtieron que esta medida afectar\u00e1 a la industria que registra un estancamiento desde hace dos a\u00f1os.<\/p>\n\n\n\n<p>Entre las organizaciones que se oponen a que los productores de Aguascalientes tambi\u00e9n puedan llamar mezcal a sus destilados de agave est\u00e1n el Sistema Producto Maguey Mezcal, Consejo Oaxaque\u00f1o de Agave y Mezcal, Consejo Mexicano Regulador de la Calidad del Mezcal (Comercam), Cl\u00faster Mezcal Oaxaca y Mujeres del Mezcal.<\/p>\n\n\n\n<p>El recurso de revisi\u00f3n, precisaron, se present\u00f3 ante la Direcci\u00f3n General Adjunta de la Propiedad Industrial el pasado 21 de mayo de 2025 y que deber\u00e1 ser resuelto por la Direcci\u00f3n General del Instituto Mexicano de la Propiedad Intelectual (IMPI), y es en respuesta al amparo promovido por un productor en el a\u00f1o 2017 contra esa ampliaci\u00f3n de la denominaci\u00f3n de origen.<\/p>\n\n\n\n<p>\u201cEs obligaci\u00f3n el Instituto Mexicano de Propiedad Intelectual de determinar si otorga la suspensi\u00f3n de los efectos de la ampliaci\u00f3n y debe de resolverse posteriormente de fondo, para que pare la ampliaci\u00f3n de la denominaci\u00f3n de origen\u201d.<\/p>\n\n\n\n<p>En conferencia de prensa, detallaron que se se\u00f1alaron cinco agravios de esta medida y tambi\u00e9n se ofrecieron pruebas.<\/p>\n\n\n\n<p>Adicionalmente, el pasado 22 de mayo de 2025 presentaron una demanda de juicio de amparo indirecto ante los juzgados federales en materia administrativa de la Ciudad de M\u00e9xico en el que se hicieron valer cuatro conceptos de violaci\u00f3n a derechos humanos, incluyendo las violaciones del IMPI a la Convenci\u00f3n Americana de Derechos Humanos.<\/p>\n\n\n\n<p>\u201cEl juez de distrito debe resolver sobre la suspensi\u00f3n provisional y definitiva sobre la aplicaci\u00f3n de la resoluci\u00f3n que modific\u00f3 la denominaci\u00f3n de origen mezcal; posteriormente debe resolver si actos procesales violaron los derechos fundamentales al amparista\u201d.<\/p>\n\n\n\n<p>Los empresarios que forman parte de estas organizaciones manifestaron que el mezcal es de las pocas industrias de Oaxaca, y que a su vez, ha contribuido a la econom\u00eda de diferentes municipios del pa\u00eds, detenido la migraci\u00f3n y generado arraigo en las comunidades.<\/p>\n\n\n\n<p>Sin embargo, afirmaron que el mercado del mezcal se ha contra\u00eddo en los \u00faltimos a\u00f1os, porque la venta del producto se ha estado estancado: \u201ctenemos producci\u00f3n a\u00fan en nuestras bodegas\u201d. Y con la ampliaci\u00f3n de la denominaci\u00f3n de origen complicar\u00eda la posibilidad de sacar esa producci\u00f3n al exterior. \u201cHacemos un llamado a la conciencia para todos los altos medios superiores del gobierno federal y realmente nos resuelvan\u201d, agregaron.<\/p>\n\n\n\n<p>El presidente del Comercam, Abelino Cohetero Villegas, asegur\u00f3 que contra esta medida se han unido alrededor de 13 mil asociados agremiados a las diferentes organizaciones empresariales relacionadas con la producci\u00f3n de mezcal; y apunt\u00f3 que desde hace dos a\u00f1os han sufrido una reducci\u00f3n en las ventas, por lo que ampliar la denominaci\u00f3n de origen \u201cmermar\u00eda\u201d a\u00fan m\u00e1s a la industria.<\/p>\n","protected":false},"excerpt":{"rendered":"<p>Redacci\u00f3n\/Estado 20. Oaxaca, Oax., a 27 de junio de 2025.- Organizaciones de la industria del&hellip;<\/p>\n","protected":false},"author":2,"featured_media":74805,"comment_status":"closed","ping_status":"open","sticky":false,"template":"","format":"standard","meta":{"_lmt_disableupdate":"","_lmt_disable":"","_jetpack_memberships_contains_paid_content":false,"footnotes":""},"categories":[109,47],"tags":[4320],"class_list":["post-80749","post","type-post","status-publish","format-standard","has-post-thumbnail","hentry","category-minuto-a-minuto","category-zona-gris","tag-mezcal-oaxaca"],"jetpack_featured_media_url":"https:\/\/zonaroja.com.mx\/wp-content\/uploads\/2024\/11\/Mezcal-Oaxaca.jpeg","jetpack_sharing_enabled":true,"_links":{"self":[{"href":"https:\/\/zonaroja.com.mx\/index.php?rest_route=\/wp\/v2\/posts\/80749","targetHints":{"allow":["GET"]}}],"collection":[{"href":"https:\/\/zonaroja.com.mx\/index.php?rest_route=\/wp\/v2\/posts"}],"about":[{"href":"https:\/\/zonaroja.com.mx\/index.php?rest_route=\/wp\/v2\/types\/post"}],"author":[{"embeddable":true,"href":"https:\/\/zonaroja.com.mx\/index.php?rest_route=\/wp\/v2\/users\/2"}],"replies":[{"embeddable":true,"href":"https:\/\/zonaroja.com.mx\/index.php?rest_route=%2Fwp%2Fv2%2Fcomments&post=80749"}],"version-history":[{"count":1,"href":"https:\/\/zonaroja.com.mx\/index.php?rest_route=\/wp\/v2\/posts\/80749\/revisions"}],"predecessor-version":[{"id":80750,"href":"https:\/\/zonaroja.com.mx\/index.php?rest_route=\/wp\/v2\/posts\/80749\/revisions\/80750"}],"wp:featuredmedia":[{"embeddable":true,"href":"https:\/\/zonaroja.com.mx\/index.php?rest_route=\/wp\/v2\/media\/74805"}],"wp:attachment":[{"href":"https:\/\/zonaroja.com.mx\/index.php?rest_route=%2Fwp%2Fv2%2Fmedia&parent=80749"}],"wp:term":[{"taxonomy":"category","embeddable":true,"href":"https:\/\/zonaroja.com.mx\/index.php?rest_route=%2Fwp%2Fv2%2Fcategories&post=80749"},{"taxonomy":"post_tag","embeddable":true,"href":"https:\/\/zonaroja.com.mx\/index.php?rest_route=%2Fwp%2Fv2%2Ftags&post=80749"}],"curies":[{"name":"wp","href":"https:\/\/api.w.org\/{rel}","templated":true}]}}