{"id":80751,"date":"2025-05-27T11:55:00","date_gmt":"2025-05-27T17:55:00","guid":{"rendered":"https:\/\/zonaroja.com.mx\/?p=80751"},"modified":"2025-05-27T08:00:57","modified_gmt":"2025-05-27T14:00:57","slug":"estiman-participacion-de-entre-13-y-20-en-eleccion-judicial-del-1-de-junio","status":"publish","type":"post","link":"https:\/\/zonaroja.com.mx\/?p=80751","title":{"rendered":"Estiman participaci\u00f3n de entre 13 y 20% en elecci\u00f3n judicial del 1 de junio"},"content":{"rendered":"\n<p>Redacci\u00f3n\/Zona Roja Cdmx.<\/p>\n\n\n\n<p>Ciudad de M\u00e9xico, a 27 de mayo de 2025.- El Instituto Nacional Electoral (INE) estima que el pr\u00f3ximo domingo habr\u00e1 una participaci\u00f3n de entre 13 y 20 por ciento para la elecci\u00f3n Poder Judicial, cifras similares a las que se obtuvieron para la revocaci\u00f3n de mandato, efectuada en 2022.<\/p>\n\n\n\n<p>La consejera presidenta del instituto, Guadalupe Taddei, inform\u00f3 que este martes la mesa de consejeros analizar\u00e1 el tema del ingreso a las mamparas con acordeones, que son gu\u00edas escritas sobre los candidatos por los que se inclinar\u00e1n, ya que se han difundido im\u00e1genes y videos en redes en las que se muestra que se est\u00e1n repartiendo listas para que la gente sepa por qui\u00e9nes votar.<\/p>\n\n\n\n<p>Aclar\u00f3 que la estimaci\u00f3n de la participaci\u00f3n ciudadana no es una cifra oficial y por ello es que se realizar\u00e1 este ejercicio de muestra en mil 644 casillas, a fin de tener un c\u00e1lculo real la misma noche del 1 de junio.<\/p>\n\n\n\n<p>Ante los mensajes que se han difundido en redes sociales de que se han distribuido listas, acordeones o tips sobre c\u00f3mo votar y qu\u00e9 n\u00fameros tachar, Taddei admiti\u00f3 que este tipo de actos podr\u00edan representar \u201cuna posible intervenci\u00f3n en la definici\u00f3n de nuestros votos\u201d, por lo que exhort\u00f3 a los mexicanos a no permitir que ni un acorde\u00f3n ni una manifestaci\u00f3n, ni un desplegado, ni un llamado a inhibir el voto influyan en su decisi\u00f3n.<\/p>\n\n\n\n<p>Pidi\u00f3 a los ciudadanos ser responsables y conscientes de que su voto es intransferible, \u00fanico, secreto y personal. \u201cNo podemos permitir que otras intenciones interfieran en nuestra voluntad de por qui\u00e9n o a favor de qui\u00e9n votar el 1 de junio\u201d.<\/p>\n\n\n\n<p>Por eso, agreg\u00f3 que en la mesa de consejeros ser\u00e1 un tema que abordar\u00e1n todas las consejer\u00edas, a fin de definir cu\u00e1l es la ruta jur\u00eddica y si tienen alcances para ello, porque todo esto puede derivar de la presentaci\u00f3n de una queja o denuncia, o bien, de manera oficiosa el instituto podr\u00e1 iniciar la apertura de una carpeta que los lleve a analizar el origen de estas campa\u00f1as de acordeones.<\/p>\n\n\n\n<p>\u201cMe parece que no hay acorde\u00f3n que sea v\u00e1lido para el derecho que nosotros tenemos de emitir nuestro voto en libertad, sin presiones y sin interferencia de ninguna \u00edndole\u201d, subray\u00f3 en un encuentro con medios de comunicaci\u00f3n.<\/p>\n\n\n\n<p>Respecto a los posibles amagos de boicotear el acceso a casillas el pr\u00f3ximo domingo, tanto por integrantes de la Coordinadora Nacional de Trabajadores de la Educaci\u00f3n (CNTE) como por otros grupos que se oponen a esta elecci\u00f3n judicial, la presidenta inform\u00f3 que tienen previsiones y un plan de apoyo de las fuerzas de seguridad locales y a nivel nacional para que se permita la organizaci\u00f3n correcta de ese d\u00eda del proceso electoral.<\/p>\n\n\n\n<p>Asegur\u00f3 que el INE cuenta con la participaci\u00f3n s\u00f3lida, fuerte y respetuosa de todas las autoridades en materia de seguridad en todos los estados.<\/p>\n\n\n\n<p>(Informaci\u00f3n de \u201cLa Jornada\u201d)<\/p>\n","protected":false},"excerpt":{"rendered":"<p>Redacci\u00f3n\/Zona Roja Cdmx. Ciudad de M\u00e9xico, a 27 de mayo de 2025.- El Instituto Nacional&hellip;<\/p>\n","protected":false},"author":2,"featured_media":80755,"comment_status":"closed","ping_status":"open","sticky":false,"template":"","format":"standard","meta":{"_lmt_disableupdate":"","_lmt_disable":"","_jetpack_memberships_contains_paid_content":false,"footnotes":""},"categories":[109,47],"tags":[4291],"class_list":["post-80751","post","type-post","status-publish","format-standard","has-post-thumbnail","hentry","category-minuto-a-minuto","category-zona-gris","tag-eleccion-judicial-mexico"],"jetpack_featured_media_url":"https:\/\/zonaroja.com.mx\/wp-content\/uploads\/2025\/05\/Eleccion-judicial-en-Mexico.jpeg","jetpack_sharing_enabled":true,"_links":{"self":[{"href":"https:\/\/zonaroja.com.mx\/index.php?rest_route=\/wp\/v2\/posts\/80751","targetHints":{"allow":["GET"]}}],"collection":[{"href":"https:\/\/zonaroja.com.mx\/index.php?rest_route=\/wp\/v2\/posts"}],"about":[{"href":"https:\/\/zonaroja.com.mx\/index.php?rest_route=\/wp\/v2\/types\/post"}],"author":[{"embeddable":true,"href":"https:\/\/zonaroja.com.mx\/index.php?rest_route=\/wp\/v2\/users\/2"}],"replies":[{"embeddable":true,"href":"https:\/\/zonaroja.com.mx\/index.php?rest_route=%2Fwp%2Fv2%2Fcomments&post=80751"}],"version-history":[{"count":1,"href":"https:\/\/zonaroja.com.mx\/index.php?rest_route=\/wp\/v2\/posts\/80751\/revisions"}],"predecessor-version":[{"id":80756,"href":"https:\/\/zonaroja.com.mx\/index.php?rest_route=\/wp\/v2\/posts\/80751\/revisions\/80756"}],"wp:featuredmedia":[{"embeddable":true,"href":"https:\/\/zonaroja.com.mx\/index.php?rest_route=\/wp\/v2\/media\/80755"}],"wp:attachment":[{"href":"https:\/\/zonaroja.com.mx\/index.php?rest_route=%2Fwp%2Fv2%2Fmedia&parent=80751"}],"wp:term":[{"taxonomy":"category","embeddable":true,"href":"https:\/\/zonaroja.com.mx\/index.php?rest_route=%2Fwp%2Fv2%2Fcategories&post=80751"},{"taxonomy":"post_tag","embeddable":true,"href":"https:\/\/zonaroja.com.mx\/index.php?rest_route=%2Fwp%2Fv2%2Ftags&post=80751"}],"curies":[{"name":"wp","href":"https:\/\/api.w.org\/{rel}","templated":true}]}}