{"id":80759,"date":"2025-05-27T13:03:00","date_gmt":"2025-05-27T19:03:00","guid":{"rendered":"https:\/\/zonaroja.com.mx\/?p=80759"},"modified":"2025-05-27T08:07:11","modified_gmt":"2025-05-27T14:07:11","slug":"opinion-cnte-estirar-la-liga","status":"publish","type":"post","link":"https:\/\/zonaroja.com.mx\/?p=80759","title":{"rendered":"Opini\u00f3n. CNTE: estirar la liga\u2026"},"content":{"rendered":"\n<p>Isidoro Yescas*<\/p>\n\n\n\n<p>Del discurso conciliador y dialoguista del gobierno federal observado en los primeros d\u00edas del paro y&nbsp;de las&nbsp;movilizaciones de la CNTE&nbsp;se pas\u00f3,&nbsp;a partir del boicot a la ma\u00f1anera presidencial, a un discurso de descalificaciones,&nbsp;a&nbsp;la ruptura&nbsp;del acuerdo para que la presidenta Sheinbaum recibiera &nbsp;a la Comisi\u00f3n Nacional \u00danica de Negociaci\u00f3n (CNUN) de la CNTE en Palacio Nacional &nbsp;y a un no rotundo a una promesa de campa\u00f1a: la abrogaci\u00f3n de la Ley del ISSSTE&nbsp;del&nbsp;2007, la m\u00e1s importante de las tres demandas centrales del pliego petitorio de las secciones sindicales del SNTE que conforman la CNTE y en donde la secci\u00f3n 22 es columna vertebral.&nbsp;<\/p>\n\n\n\n<p>Y como en los tiempos del&nbsp;pe\u00f1ismo&nbsp;o calderonismo, la ruptura se ha acompa\u00f1ado ahora de una intensa campa\u00f1a medi\u00e1tica para exhibir&nbsp;como intransigentes y&nbsp;violentos&nbsp;a&nbsp;los que hasta el pasado sexenio&nbsp;se consideraban&nbsp;aliados&nbsp;pol\u00edticos&nbsp;de&nbsp;la 4T.<\/p>\n\n\n\n<p>Pero como&nbsp;a toda&nbsp;acci\u00f3n&nbsp;corresponde una reacci\u00f3n,&nbsp;ahora&nbsp;la respuesta de la Asamblea Nacional Representativa de la CNTE&nbsp;caminar\u00e1 para la pr\u00f3xima semana en dos carriles.&nbsp;<\/p>\n\n\n\n<p>Por un lado intensificar\u00e1n sus movilizaciones en la Cdmx&nbsp;tomando oficinas p\u00fablicas como la SEP, el INE y la SHCP,&nbsp;y en cada&nbsp;entidad &nbsp;en&nbsp;donde la CNTE tiene presencia sus agremiados(as) realizar\u00e1n \u201cla persecuci\u00f3n pol\u00edtica de la presidenta\u201d Sheinbaum; y por el otro, si para antes del primero de junio no se reinstala la mesa de negociaci\u00f3n con&nbsp;la presencia de la presidenta de la rep\u00fablica&nbsp;ya est\u00e1 el acuerdo &nbsp;de considerar el boicot a la elecci\u00f3n judicial.&nbsp;<\/p>\n\n\n\n<p>Es una apuesta riesgosa, porque aunque pareciera dif\u00edcil que&nbsp;el&nbsp;gobiernomorenista&nbsp;recurra al expediente de la represi\u00f3n (como s\u00ed ocurri\u00f3 durante el sexenio de Enrique Pe\u00f1a Nieto con el desalojo del plant\u00f3n del z\u00f3calo de la Cdmx en el a\u00f1o 2013),&nbsp;no se descartan acciones sincronizadas del poder legislativo federal y de &nbsp;los gobiernos estatales en donde la CNTE tiene presencia para intentar forzarlos &nbsp;a una negociaci\u00f3n bajo los t\u00e9rminos ya definidos por el Poder Ejecutivo federal&nbsp;y que, hasta ahora, no ha considerado un incremento salarial superior al 10 por ciento (si en el 2024 el incremento fue del 12 por ciento, ahora el ofrecimiento debiera superar este porcentaje)&nbsp;,tampoco&nbsp;revisar&nbsp;la&nbsp;Ley del ISSSTE del 2007&nbsp;para&nbsp;valorar t\u00e9cnica y financieramente&nbsp;si &nbsp;es viable o no su abrogaci\u00f3n en el corto&nbsp;o mediano&nbsp;plazo, y mucho menos cancelar en forma total la reforma educativa&nbsp;pe\u00f1ista&nbsp;en donde el gobierno de AMLO avanz\u00f3 parcialmente.&nbsp;<\/p>\n\n\n\n<p>En sus 45 a\u00f1os de vida la CNTE&nbsp;ha&nbsp;lidiado &nbsp;en&nbsp;condiciones generalmente adversas&nbsp;con gobiernos del PRI y del PAN&nbsp;y,&nbsp;a partir del 2018, pudo mantener una nueva relaci\u00f3n institucional y pol\u00edtica con el presidente AMLO y los gobiernos locales de Morena.&nbsp;Sin embargo, bajo la premisa&nbsp;de&nbsp;\u201cgobierne quien gobierne\u201d, nunca&nbsp;ha renunciado&nbsp;a su estrategia de movilizaci\u00f3n-negociaci\u00f3n-movilizaci\u00f3n.&nbsp;<\/p>\n\n\n\n<p>Fue \u00e9sta la v\u00eda mediante la cual se pudo consolidar en Oaxaca&nbsp;la&nbsp;secci\u00f3n 22 del SNTE&nbsp;( MDTEO)&nbsp;con todo y los intentos de&nbsp;algunos&nbsp;gobiernos&nbsp;pri\u00edstas&nbsp;para&nbsp;coptar a sus dirigencias y&nbsp;desmovilizarla, tal&nbsp;como ocurri\u00f3 durante el sexenio de Alejandro Murat Hinojosa.<\/p>\n\n\n\n<p>Hoy, ante la radicalizaci\u00f3n de la CNTE y el doble discurso oficial que por un lado insiste en el di\u00e1logo y los acuerdos pero por el otro induce toda una campa\u00f1a medi\u00e1tica para&nbsp;descalificar al magisterio movilizado, ambas partes&nbsp;deben&nbsp;valorara profundidad y con mucha sangre fr\u00eda las conveniencias e inconveniencias de seguir estirando la liga.&nbsp;<\/p>\n\n\n\n<p>Porque el endurecimiento de posiciones irreductibles asoma por ambas partes, aunque quien ahora deber\u00eda tomar la iniciativa para romper con el impasse y la polarizaci\u00f3n es el gobierno federal,&nbsp;pues, a final de cuentas, est\u00e1 en su&nbsp;cancha &nbsp;resolver, hasta donde su presupuesto&nbsp;y voluntad pol\u00edtica&nbsp;se lo permita, las demandas de mejores ingresos y prestaciones, y pensiones m\u00e1s justas&nbsp;para&nbsp;los trabajadores de la educaci\u00f3n.<\/p>\n\n\n\n<p>Todo lo anterior sin perder de vista que tampoco debe pasar a un segundo t\u00e9rmino el compromiso con la&nbsp;educaci\u00f3n, &nbsp;una&nbsp;asignatura en donde sexenio tras sexenio se ha dejado para una mejor ocasi\u00f3n\u2026.y&nbsp;&nbsp;que nunca ha llegado. &nbsp;<\/p>\n\n\n\n<p>*Maestro en Sociolog\u00eda y periodista.<\/p>\n\n\n\n<p>X: @YescasIsidoro<\/p>\n","protected":false},"excerpt":{"rendered":"<p>Isidoro Yescas* Del discurso conciliador y dialoguista del gobierno federal observado en los primeros d\u00edas&hellip;<\/p>\n","protected":false},"author":2,"featured_media":78328,"comment_status":"closed","ping_status":"open","sticky":false,"template":"","format":"standard","meta":{"_lmt_disableupdate":"","_lmt_disable":"","_jetpack_memberships_contains_paid_content":false,"footnotes":""},"categories":[456,109],"tags":[3998],"class_list":["post-80759","post","type-post","status-publish","format-standard","has-post-thumbnail","hentry","category-columna","category-minuto-a-minuto","tag-isidoro-yescas-martinez"],"jetpack_featured_media_url":"https:\/\/zonaroja.com.mx\/wp-content\/uploads\/2025\/03\/Isidoro-Yescas-Martinez.jpg","jetpack_sharing_enabled":true,"_links":{"self":[{"href":"https:\/\/zonaroja.com.mx\/index.php?rest_route=\/wp\/v2\/posts\/80759","targetHints":{"allow":["GET"]}}],"collection":[{"href":"https:\/\/zonaroja.com.mx\/index.php?rest_route=\/wp\/v2\/posts"}],"about":[{"href":"https:\/\/zonaroja.com.mx\/index.php?rest_route=\/wp\/v2\/types\/post"}],"author":[{"embeddable":true,"href":"https:\/\/zonaroja.com.mx\/index.php?rest_route=\/wp\/v2\/users\/2"}],"replies":[{"embeddable":true,"href":"https:\/\/zonaroja.com.mx\/index.php?rest_route=%2Fwp%2Fv2%2Fcomments&post=80759"}],"version-history":[{"count":1,"href":"https:\/\/zonaroja.com.mx\/index.php?rest_route=\/wp\/v2\/posts\/80759\/revisions"}],"predecessor-version":[{"id":80760,"href":"https:\/\/zonaroja.com.mx\/index.php?rest_route=\/wp\/v2\/posts\/80759\/revisions\/80760"}],"wp:featuredmedia":[{"embeddable":true,"href":"https:\/\/zonaroja.com.mx\/index.php?rest_route=\/wp\/v2\/media\/78328"}],"wp:attachment":[{"href":"https:\/\/zonaroja.com.mx\/index.php?rest_route=%2Fwp%2Fv2%2Fmedia&parent=80759"}],"wp:term":[{"taxonomy":"category","embeddable":true,"href":"https:\/\/zonaroja.com.mx\/index.php?rest_route=%2Fwp%2Fv2%2Fcategories&post=80759"},{"taxonomy":"post_tag","embeddable":true,"href":"https:\/\/zonaroja.com.mx\/index.php?rest_route=%2Fwp%2Fv2%2Ftags&post=80759"}],"curies":[{"name":"wp","href":"https:\/\/api.w.org\/{rel}","templated":true}]}}