{"id":80768,"date":"2025-05-27T21:46:40","date_gmt":"2025-05-28T03:46:40","guid":{"rendered":"https:\/\/zonaroja.com.mx\/?p=80768"},"modified":"2025-05-27T21:46:42","modified_gmt":"2025-05-28T03:46:42","slug":"en-foro-efectuado-en-tuxtepec-piden-a-yasmin-esquivel-atencion-a-temas-agrarios","status":"publish","type":"post","link":"https:\/\/zonaroja.com.mx\/?p=80768","title":{"rendered":"En foro efectuado en Tuxtepec piden a Yasm\u00edn Esquivel atenci\u00f3n a temas agrarios"},"content":{"rendered":"\n<p>Raymundo Morales\/Zona Roja.<\/p>\n\n\n\n<p>Oaxaca, Oax., a 27 de mayo de 2025.- El foro \u201cPor una justicia m\u00e1s democr\u00e1tica\u201d lleg\u00f3 a San Juan Bautista Tuxtepec.<\/p>\n\n\n\n<p>Organizado por el Colegio de Abogados Unidos por Justicia y Legalidad A. C., se dieron a conocer las reformas al Poder Judicial y la metodolog\u00eda para la elecci\u00f3n de jueces, magistrados y ministros.&nbsp;<\/p>\n\n\n\n<p>El maestro Edgar Filem\u00f3n Luna Cruz imparti\u00f3 la ponencia &nbsp;\u201cT\u00f3picos sobre la elecci\u00f3n judicial\u201d, en donde dio su punto de vista sobre la impartici\u00f3n de justicia en M\u00e9xico y c\u00f3mo esta cambiar\u00e1 una vez se elijan por votaci\u00f3n a los jueces, magistrados y ministros.&nbsp;<\/p>\n\n\n\n<p>Por su parte, en mensaje enviado por la candidata a ministra de la Suprema Corte, Yasm\u00edn Esquivel Mossa, dijo que \u201cla justicia se debe de acercar al pueblo, porque el momento de hacer una transformaci\u00f3n en el Poder Judicial es ahora mediante el voto del pueblo informado, asever\u00f3 tambi\u00e9n que cuenta con una &nbsp;experiencia de poco m\u00e1s de 40 a\u00f1os\u201d.&nbsp;<\/p>\n\n\n\n<p>As\u00ed mismo, el empresario Germ\u00e1n Simancas Bautista, expuso durante su presentaci\u00f3n en el foro que hay pocos perfiles que destaquen en la impartici\u00f3n de justicia, sobre todo a los campesinos.<\/p>\n\n\n\n<p>\u201cLa ministra Yasm\u00edn Esquivel sabe y es especialista en legislaci\u00f3n agraria, hemos recorrido el estado y sabemos que existe un rezago en la impartici\u00f3n de justicia en temas agrarios, por ello, considero es el mejor perfil no solo para ser ministra, sino para incluso ser presidenta de la Suprema Corte de Justicia, tengo entendido que as\u00ed lo demuestran las encuestas\u201d dijo.&nbsp;<\/p>\n\n\n\n<p>Posteriormente, algunos asistentes dieron a conocer sus dudas ante la pr\u00f3xima jornada electoral, sin embargo, los ponentes hicieron el llamado a participar y elegir libremente a los mejores perfiles.<\/p>\n\n\n\n<p>\u201cPerfiles que tengan trayectoria y trabajo comprobado en temas de justicia, como el de la ministra Yasm\u00edn Esquivel, pero sobre todo hacerle el llamado a que sea ella quien atienda personalmente estos t\u00f3picos que atrasan el desarrollo de las comunidades agrarias\u201d expresaron los asistentes al foro. &nbsp;<\/p>\n\n\n\n<p>As\u00ed mismo, durante el foro se abri\u00f3 la participaci\u00f3n a otros candidatos a presentar sus plataformas, como la maestra Norma Gonz\u00e1lez Jim\u00e9nez, candidata a Candidata ind\u00edgena a magistrada de circuito del Tribunal Colegiado de Apelaci\u00f3n Mixto, la maestra Xareni Hern\u00e1ndez Garc\u00eda candidata a jueza de distrito en materia mixta, al maestro Edgar Filem\u00f3n Luna Cruz, candidato a magistrado de circuito en materia penal y del trabajo, la maestra Brisa Albores Medina, candidata a magistrada en materia penal y de trabajo, as\u00ed como del doctor &nbsp;Jose Antonio \u00c1lvarez Hern\u00e1ndez, aspirante a magistrado del Tribunal Colegiado en materia civil y administrativa.<\/p>\n\n\n\n<p>De igual manera, se presentaron representantes de la maestra Roc\u00edo Chong Vel\u00e1squez candidata a Magistrada por el D\u00e9cimo Tercer Circuito en materia penal y trabajo, el maestro Andr\u00e9s Manuel Jim\u00e9nez Jim\u00e9nez, candidato a magistrado materias penal y del trabajo, la licenciada Blanca Azusena Osorio Villanueva candidata a jueza de Distrito en materia Mixta, as\u00ed como de la maestra Berenice Ram\u00edrez Jim\u00e9nez candidata a magistrada administrativa Civil D\u00e9cimo Tercer Circuito.<\/p>\n","protected":false},"excerpt":{"rendered":"<p>Raymundo Morales\/Zona Roja. Oaxaca, Oax., a 27 de mayo de 2025.- El foro \u201cPor una&hellip;<\/p>\n","protected":false},"author":2,"featured_media":80769,"comment_status":"closed","ping_status":"open","sticky":false,"template":"","format":"standard","meta":{"_lmt_disableupdate":"","_lmt_disable":"","_jetpack_memberships_contains_paid_content":false,"footnotes":""},"categories":[109,46],"tags":[4291],"class_list":["post-80768","post","type-post","status-publish","format-standard","has-post-thumbnail","hentry","category-minuto-a-minuto","category-zona-blanca","tag-eleccion-judicial-mexico"],"jetpack_featured_media_url":"https:\/\/zonaroja.com.mx\/wp-content\/uploads\/2025\/05\/Foro-Tuxtepec-justicia-.jpg","jetpack_sharing_enabled":true,"_links":{"self":[{"href":"https:\/\/zonaroja.com.mx\/index.php?rest_route=\/wp\/v2\/posts\/80768","targetHints":{"allow":["GET"]}}],"collection":[{"href":"https:\/\/zonaroja.com.mx\/index.php?rest_route=\/wp\/v2\/posts"}],"about":[{"href":"https:\/\/zonaroja.com.mx\/index.php?rest_route=\/wp\/v2\/types\/post"}],"author":[{"embeddable":true,"href":"https:\/\/zonaroja.com.mx\/index.php?rest_route=\/wp\/v2\/users\/2"}],"replies":[{"embeddable":true,"href":"https:\/\/zonaroja.com.mx\/index.php?rest_route=%2Fwp%2Fv2%2Fcomments&post=80768"}],"version-history":[{"count":1,"href":"https:\/\/zonaroja.com.mx\/index.php?rest_route=\/wp\/v2\/posts\/80768\/revisions"}],"predecessor-version":[{"id":80770,"href":"https:\/\/zonaroja.com.mx\/index.php?rest_route=\/wp\/v2\/posts\/80768\/revisions\/80770"}],"wp:featuredmedia":[{"embeddable":true,"href":"https:\/\/zonaroja.com.mx\/index.php?rest_route=\/wp\/v2\/media\/80769"}],"wp:attachment":[{"href":"https:\/\/zonaroja.com.mx\/index.php?rest_route=%2Fwp%2Fv2%2Fmedia&parent=80768"}],"wp:term":[{"taxonomy":"category","embeddable":true,"href":"https:\/\/zonaroja.com.mx\/index.php?rest_route=%2Fwp%2Fv2%2Fcategories&post=80768"},{"taxonomy":"post_tag","embeddable":true,"href":"https:\/\/zonaroja.com.mx\/index.php?rest_route=%2Fwp%2Fv2%2Ftags&post=80768"}],"curies":[{"name":"wp","href":"https:\/\/api.w.org\/{rel}","templated":true}]}}