{"id":80777,"date":"2025-05-28T09:30:00","date_gmt":"2025-05-28T15:30:00","guid":{"rendered":"https:\/\/zonaroja.com.mx\/?p=80777"},"modified":"2025-05-28T07:12:21","modified_gmt":"2025-05-28T13:12:21","slug":"sigue-desaparecido-grupo-musical-de-tamaulipas-hallan-camioneta","status":"publish","type":"post","link":"https:\/\/zonaroja.com.mx\/?p=80777","title":{"rendered":"Sigue desaparecido grupo musical de Tamaulipas; hallan camioneta"},"content":{"rendered":"\n<p>Redacci\u00f3n\/Zona Roja Cdmx.<\/p>\n\n\n\n<p>Ciudad de M\u00e9xico, a 28 de mayo de 2025.- Cinco integrantes de la agrupaci\u00f3n norte\u00f1a Grupo \u201cFugitivo\u201d, originaria de Reynosa, Tamaulipas, fueron reportados como desaparecidos por sus familiares luego de perder contacto con ellos desde el domingo pasado, d\u00eda en que ten\u00edan programado un evento.<\/p>\n\n\n\n<p>Los m\u00fasicos dejaron de comunicarse despu\u00e9s de dirigirse a una ubicaci\u00f3n en la zona conocida como Riberas de Rancho Grande, en el municipio de Reynosa. Desde entonces, no se ha tenido informaci\u00f3n directa de ellos; los integrantes del grupo reportados como no localizados son Francisco Xavier V\u00e1zquez Osorio, Nemesio Antonio Dur\u00e1n Rodr\u00edguez, Livan Edyberto Sol\u00eds de la Rosa, Jos\u00e9 Francisco Morales Mart\u00ednez y V\u00edctor Manuel Garza Cervantes<\/p>\n\n\n\n<p>Tambi\u00e9n se mencion\u00f3 a Carlos, quien forma parte del grupo y se encuentra a salvo. \u00c9l explic\u00f3 que no lleg\u00f3 al lugar de la cita a tiempo y, al no ver a nadie, se retir\u00f3.<\/p>\n\n\n\n<p>HALLAN VEH\u00cdCULO<\/p>\n\n\n\n<p>La camioneta Yukon negra en la que se trasladaban fue localizada por las autoridades en la colonia La Ca\u00f1ada, tambi\u00e9n en Reynosa. El veh\u00edculo es propiedad de Livan Edyberto Sol\u00eds de la Rosa, uno de los desaparecidos.<\/p>\n\n\n\n<p>El veh\u00edculo no presentaba se\u00f1ales de violencia, como impactos de bala o manchas de sangre, aunque ya no ten\u00eda los logotipos de la agrupaci\u00f3n, lo que llam\u00f3 la atenci\u00f3n de los familiares.<\/p>\n\n\n\n<p>La Fiscal\u00eda de Justicia de Tamaulipas emiti\u00f3 un bolet\u00edn de b\u00fasqueda a trav\u00e9s de la Unidad Especializada en Personas No Localizadas. Adem\u00e1s, los familiares solicitaron apoyo a colectivos de b\u00fasqueda y a la ciudadan\u00eda para difundir el caso.<\/p>\n\n\n\n<p>De acuerdo con \u201cMilenio\u201d, el secretario de Seguridad P\u00fablica estatal, Sergio Hernando Ch\u00e1vez Garc\u00eda, inform\u00f3 que personal de investigaci\u00f3n de la Fiscal\u00eda localiz\u00f3 a los m\u00fasicos en Reynosa y que ya estaban bajo resguardo.&nbsp;<\/p>\n\n\n\n<p>Sin embargo, familiares de los desaparecidos negaron esa versi\u00f3n, indicando que a\u00fan no tienen contacto directo con ellos y desconocen su paradero.<\/p>\n\n\n\n<p>La \u00faltima publicaci\u00f3n de Grupo Fugitivo en redes sociales fue una imagen en la frontera con el mensaje:<\/p>\n\n\n\n<p>\u201cNos vemos en un rato m\u00e1s en McAllen, Texas. Puro \u2018Fugitivo\u2019, cruzando fronteras. (No se crean, nada m\u00e1s la foto en el lado mexicano, pero esperemos un d\u00eda poder extendernos a los Estados Unidos)\u201d.<\/p>\n\n\n\n<p>Esto sugiere que el grupo no ten\u00eda presentaciones oficiales en Estados Unidos y que su actividad se manten\u00eda del lado mexicano pero este ser\u00eda uno de sus objetivos a alcanzar.<\/p>\n\n\n\n<p>Seg\u00fan relat\u00f3 Rub\u00e9n Isaac Valdez Mascorro, primo del vocalista Francisco Xavier, los m\u00fasicos recibieron una llamada y una ubicaci\u00f3n cerca de las 9 de la noche del domingo. Fue en ese momento cuando perdieron todo contacto con ellos. Al paso de las horas, la falta de noticias aument\u00f3 la preocupaci\u00f3n.<\/p>\n\n\n\n<p>Carlos, el integrante que no lleg\u00f3 a tiempo, declar\u00f3 que la direcci\u00f3n que le enviaron era un terreno bald\u00edo y que, al no ver a nadie, se fue a casa.<\/p>\n\n\n\n<p>Los familiares han solicitado el apoyo de la comunidad para compartir la informaci\u00f3n y brindar cualquier dato que pudiera ayudar a localizar a los m\u00fasicos. Las denuncias ya han sido presentadas de manera formal y se han emitido los boletines de b\u00fasqueda oficiales.<\/p>\n\n\n\n<p>Aunque hubo un primer anuncio oficial sobre su localizaci\u00f3n, los familiares desmintieron que hayan sido encontrados. Hasta el momento, la Fiscal\u00eda no ha ofrecido m\u00e1s detalles, y los allegados a los m\u00fasicos contin\u00faan en espera de una confirmaci\u00f3n directa.<\/p>\n\n\n\n<p>(Informaci\u00f3n de \u201cEl Imparcial\u201d)<\/p>\n","protected":false},"excerpt":{"rendered":"<p>Redacci\u00f3n\/Zona Roja Cdmx. Ciudad de M\u00e9xico, a 28 de mayo de 2025.- Cinco integrantes de&hellip;<\/p>\n","protected":false},"author":2,"featured_media":80778,"comment_status":"closed","ping_status":"open","sticky":false,"template":"","format":"standard","meta":{"_lmt_disableupdate":"","_lmt_disable":"","_jetpack_memberships_contains_paid_content":false,"footnotes":""},"categories":[109,47],"tags":[4321],"class_list":["post-80777","post","type-post","status-publish","format-standard","has-post-thumbnail","hentry","category-minuto-a-minuto","category-zona-gris","tag-grupo-fugitivo-reynosa"],"jetpack_featured_media_url":"https:\/\/zonaroja.com.mx\/wp-content\/uploads\/2025\/05\/Grupo-Fugitivo-Reynosa.jpg","jetpack_sharing_enabled":true,"_links":{"self":[{"href":"https:\/\/zonaroja.com.mx\/index.php?rest_route=\/wp\/v2\/posts\/80777","targetHints":{"allow":["GET"]}}],"collection":[{"href":"https:\/\/zonaroja.com.mx\/index.php?rest_route=\/wp\/v2\/posts"}],"about":[{"href":"https:\/\/zonaroja.com.mx\/index.php?rest_route=\/wp\/v2\/types\/post"}],"author":[{"embeddable":true,"href":"https:\/\/zonaroja.com.mx\/index.php?rest_route=\/wp\/v2\/users\/2"}],"replies":[{"embeddable":true,"href":"https:\/\/zonaroja.com.mx\/index.php?rest_route=%2Fwp%2Fv2%2Fcomments&post=80777"}],"version-history":[{"count":1,"href":"https:\/\/zonaroja.com.mx\/index.php?rest_route=\/wp\/v2\/posts\/80777\/revisions"}],"predecessor-version":[{"id":80779,"href":"https:\/\/zonaroja.com.mx\/index.php?rest_route=\/wp\/v2\/posts\/80777\/revisions\/80779"}],"wp:featuredmedia":[{"embeddable":true,"href":"https:\/\/zonaroja.com.mx\/index.php?rest_route=\/wp\/v2\/media\/80778"}],"wp:attachment":[{"href":"https:\/\/zonaroja.com.mx\/index.php?rest_route=%2Fwp%2Fv2%2Fmedia&parent=80777"}],"wp:term":[{"taxonomy":"category","embeddable":true,"href":"https:\/\/zonaroja.com.mx\/index.php?rest_route=%2Fwp%2Fv2%2Fcategories&post=80777"},{"taxonomy":"post_tag","embeddable":true,"href":"https:\/\/zonaroja.com.mx\/index.php?rest_route=%2Fwp%2Fv2%2Ftags&post=80777"}],"curies":[{"name":"wp","href":"https:\/\/api.w.org\/{rel}","templated":true}]}}