{"id":80782,"date":"2025-05-28T09:20:00","date_gmt":"2025-05-28T15:20:00","guid":{"rendered":"https:\/\/zonaroja.com.mx\/?p=80782"},"modified":"2025-05-28T07:53:08","modified_gmt":"2025-05-28T13:53:08","slug":"eleccion-judicial-fortalecera-democracia-y-sistema-de-justicia-benjamin-viveros","status":"publish","type":"post","link":"https:\/\/zonaroja.com.mx\/?p=80782","title":{"rendered":"Elecci\u00f3n judicial fortalecer\u00e1 democracia y sistema de justicia: Benjam\u00edn Viveros"},"content":{"rendered":"\n<p>Ismael Garc\u00eda M.\/Zona Roja.<\/p>\n\n\n\n<p>Oaxaca, Oax., a 28 de 2025.- Bajo la premisa de que la elecci\u00f3n judicial fortalecer\u00e1 la democracia en M\u00e9xico y el sistema de justicia, el presidente de la Junta de Coordinaci\u00f3n Pol\u00edtica del Congreso de Oaxaca, Benjam\u00edn Viveros, convoc\u00f3 a la poblaci\u00f3n en general a acudir a las urnas, el pr\u00f3ximo domingo.<\/p>\n\n\n\n<p>Asimismo, hizo un llamado fraterno al magisterio de la entidad, con la finalidad de que participe en esta jornada, que calific\u00f3 como in\u00e9dita, pues las y los docentes han compartido los anhelos de justicia y democracia en su lucha.<\/p>\n\n\n\n<p>Entre otros aspectos, enumer\u00f3 que la elecci\u00f3n judicial tendr\u00e1 un impacto directo a la justicia, pues jueces, ministros y magistrados toman decisiones directas que impactan en la vida p\u00fablica.<\/p>\n\n\n\n<p>Fortalecer\u00e1 la democracia y la rendici\u00f3n de cuentas, pues elegirlos por voto popular acerca al Pode Judicial a la ciudadan\u00eda; apoyar\u00e1 el combate a la corrupci\u00f3n y la impunidad.<\/p>\n\n\n\n<p>Garantiza los derechos y la libertad, con un Poder Judicial s\u00f3lido, ademas de que refuerza la legitimidad de las instituciones y fortalece la independencia judicial.<\/p>\n\n\n\n<p>\u201cLos conservadores buscan desinformar al pueblo queriendo conservar sus privilegios, pero les recordamos que en los gobiernos de la Cuarta Transformaci\u00f3n el poder lo tiene el pueblo.<\/p>\n\n\n\n<p>\u201cEste 1 de junio M\u00e9xico dar\u00e1 un paso hacia una democracia m\u00e1s s\u00f3lida, haciendo historia con un Poder Judicial que realmente responda al pueblo\u201d, destac\u00f3 en conferencia de prensa.<\/p>\n\n\n\n<p>El legislador destac\u00f3 que se trata de un momento hist\u00f3rico para el pa\u00eds, ya que, por primera vez, las y los oaxaque\u00f1os podr\u00e1n utilizar la democracia en favor de la justicia, gracias a la reforma impulsada por el ex presidente de M\u00e9xico, Andr\u00e9s Manuel L\u00f3pez Obrador, lo que representa un paso firme en la lucha contra la corrupci\u00f3n y la impunidad.<\/p>\n\n\n\n<p>El tambi\u00e9n coordinador del Grupo Parlamentario de Morena mencion\u00f3 que este proceso electoral impactar\u00e1 directamente en la forma en que se imparte justicia, ya que ser\u00e1 el pueblo quien elija a quienes tomar\u00e1n decisiones sobre seguridad, derechos humanos y otros asuntos fundamentales, otorgando legitimidad e independencia al Sistema Judicial, que ahora deber\u00e1 responder al pueblo mexicano y no a intereses pol\u00edticos o econ\u00f3micos como suced\u00eda anteriormente.<\/p>\n\n\n\n<p>\u201cLa elecci\u00f3n a trav\u00e9s del voto directo fortalece la democracia, la rendici\u00f3n de cuentas, independencia judicial y el Sistema de Justicia, adem\u00e1s, acerca el Poder Judicial a la ciudadan\u00eda y garantiza su responsabilidad ante ella; asimismo, con esta pr\u00e1ctica se combate a la corrupci\u00f3n e impunidad, y garantizan los derechos y libertad\u201d, sostuvo.<\/p>\n\n\n\n<p>Advirti\u00f3 que ciertos sectores buscan desinformar a la ciudadan\u00eda para que no salgan a emitir su sufragio, por ello hizo hincapi\u00e9 en la importancia de estar informados y hacer posible esta contienda.<\/p>\n\n\n\n<p>Por ello, es fundamental que la ciudadan\u00eda se informe con anticipaci\u00f3n y visite el sitio web del Instituto Nacional Electoral (INE) https:\/\/ubicatucasilla.ine.mx\/ donde podr\u00e1 localizar la casilla correspondiente con solo ingresar el n\u00famero de secci\u00f3n electoral que aparece en la credencial para votar.<\/p>\n\n\n\n<figure class=\"wp-block-embed is-type-rich is-provider-twitter wp-block-embed-twitter\"><div class=\"wp-block-embed__wrapper\">\n<div class=\"twitter-tweet\"><blockquote class=\"twitter-tweet\" data-lang=\"es\"><p lang=\"es\" dir=\"ltr\">Durante su conferencia de prensa de este martes, el presidente de la Junta de Coordinaci\u00f3n Pol\u00edtica del <a href=\"https:\/\/twitter.com\/CongresoOaxaca_?ref_src=twsrc%5Etfw\">@CongresoOaxaca_<\/a>, <a href=\"https:\/\/twitter.com\/BenjaViverosOax?ref_src=twsrc%5Etfw\">@BenjaViverosOax<\/a>, hizo un llamado fraterno al magisterio a acudir a las urnas el pr\u00f3ximo domingo, para participar en la elecci\u00f3n judicial.<br><br>\u201cTodos estamos de\u2026 <a href=\"https:\/\/t.co\/9M18UKQvyx\">pic.twitter.com\/9M18UKQvyx<\/a><\/p>&mdash; Zona Roja Oaxaca (@ZonaRoja_Oaxaca) <a href=\"https:\/\/twitter.com\/ZonaRoja_Oaxaca\/status\/1927558425141030953?ref_src=twsrc%5Etfw\">28 de mayo de 2025<\/a><\/blockquote><\/div>\n<\/div><\/figure>\n","protected":false},"excerpt":{"rendered":"<p>Ismael Garc\u00eda M.\/Zona Roja. Oaxaca, Oax., a 28 de 2025.- Bajo la premisa de que&hellip;<\/p>\n","protected":false},"author":2,"featured_media":80783,"comment_status":"closed","ping_status":"open","sticky":false,"template":"","format":"standard","meta":{"_lmt_disableupdate":"","_lmt_disable":"","_jetpack_memberships_contains_paid_content":false,"footnotes":""},"categories":[109,46],"tags":[3664],"class_list":["post-80782","post","type-post","status-publish","format-standard","has-post-thumbnail","hentry","category-minuto-a-minuto","category-zona-blanca","tag-benjamin-viveros-montalvo"],"jetpack_featured_media_url":"https:\/\/zonaroja.com.mx\/wp-content\/uploads\/2025\/05\/Conferencia-de-Prensa_PJ_1.jpeg","jetpack_sharing_enabled":true,"_links":{"self":[{"href":"https:\/\/zonaroja.com.mx\/index.php?rest_route=\/wp\/v2\/posts\/80782","targetHints":{"allow":["GET"]}}],"collection":[{"href":"https:\/\/zonaroja.com.mx\/index.php?rest_route=\/wp\/v2\/posts"}],"about":[{"href":"https:\/\/zonaroja.com.mx\/index.php?rest_route=\/wp\/v2\/types\/post"}],"author":[{"embeddable":true,"href":"https:\/\/zonaroja.com.mx\/index.php?rest_route=\/wp\/v2\/users\/2"}],"replies":[{"embeddable":true,"href":"https:\/\/zonaroja.com.mx\/index.php?rest_route=%2Fwp%2Fv2%2Fcomments&post=80782"}],"version-history":[{"count":1,"href":"https:\/\/zonaroja.com.mx\/index.php?rest_route=\/wp\/v2\/posts\/80782\/revisions"}],"predecessor-version":[{"id":80784,"href":"https:\/\/zonaroja.com.mx\/index.php?rest_route=\/wp\/v2\/posts\/80782\/revisions\/80784"}],"wp:featuredmedia":[{"embeddable":true,"href":"https:\/\/zonaroja.com.mx\/index.php?rest_route=\/wp\/v2\/media\/80783"}],"wp:attachment":[{"href":"https:\/\/zonaroja.com.mx\/index.php?rest_route=%2Fwp%2Fv2%2Fmedia&parent=80782"}],"wp:term":[{"taxonomy":"category","embeddable":true,"href":"https:\/\/zonaroja.com.mx\/index.php?rest_route=%2Fwp%2Fv2%2Fcategories&post=80782"},{"taxonomy":"post_tag","embeddable":true,"href":"https:\/\/zonaroja.com.mx\/index.php?rest_route=%2Fwp%2Fv2%2Ftags&post=80782"}],"curies":[{"name":"wp","href":"https:\/\/api.w.org\/{rel}","templated":true}]}}