{"id":80790,"date":"2025-05-28T11:07:00","date_gmt":"2025-05-28T17:07:00","guid":{"rendered":"https:\/\/zonaroja.com.mx\/?p=80790"},"modified":"2025-05-28T11:48:01","modified_gmt":"2025-05-28T17:48:01","slug":"mazatecas-protestan-en-veracruz-piden-amparos-contra-arresto-de-56-pobladores","status":"publish","type":"post","link":"https:\/\/zonaroja.com.mx\/?p=80790","title":{"rendered":"Mazatecas protestan en Veracruz; piden amparos contra arresto de 56 pobladores"},"content":{"rendered":"\n<p>Redacci\u00f3n\/Zona Roja Cdmx.<\/p>\n\n\n\n<p>Ciudad de M\u00e9xico, a 28 de mayo de 2025.- Un grupo de mujeres ind\u00edgenas mazatecas del municipio de Eloxochitl\u00e1n de Flores Mag\u00f3n, Oaxaca, mantienen un \u201cplant\u00f3n\u201d afuera de las instalaciones del Poder Judicial de la Federaci\u00f3n, en Boca del R\u00edo, Veracruz, en demanda de que el juzgado quinto de distrito otorgue amparos contra las \u00f3rdenes de aprehensi\u00f3n que pesan sobre 56 pobladores de esa comunidad.<\/p>\n\n\n\n<p>Las manifestantes se\u00f1alaron que los 56 son perseguidos pol\u00edticos, pues se trata de dirigentes sociales, activistas y actores importantes de su poblaci\u00f3n. Varios est\u00e1n desplazados de su localidad.<\/p>\n\n\n\n<p>Denunciaron que la persecuci\u00f3n proviene de Manuel Zepeda, ex edil de Eloxochitl\u00e1n, y de su hija, la diputada por Morena Elisa Zepeda, quienes han incurrido en acciones caciquiles con el benepl\u00e1cito de las autoridades estatales de Oaxaca.<\/p>\n\n\n\n<p>Expusieron que adem\u00e1s, 200 \u00f3rdenes de arresto se giraron contra el medio centenar de vecinos con acusaciones de robo equiparado y da\u00f1os por incendio, as\u00ed como por tentativa de homicidio en agravio de Elisa Zepeda, por actos de 2014.<\/p>\n\n\n\n<p>Argelia Betanzos, dirigente de la organizaci\u00f3n Presos pol\u00edticos Eloxochitl\u00e1n de Flores Mag\u00f3n coment\u00f3 que es urgente y necesaria una respuesta del juez, pues la persecuci\u00f3n ha paralizado la vida comunitaria.<\/p>\n\n\n\n<p>\u201cHay m\u00e1s de 200 \u00f3rdenes libradas contra 56 personas y el asunto es de 2016, pero por hechos del 2014 (\u2026) ninguno de los delitos est\u00e1 en el cat\u00e1logo de la Constituci\u00f3n que amerite una prisi\u00f3n oficiosa\u201d, explic\u00f3.<\/p>\n\n\n\n<p>Agreg\u00f3 que las \u00f3rdenes de arresto son \u201cexpl\u00edcitamente contra un listado de personas defensoras del r\u00edo, de la autonom\u00eda, del territorio, con representaci\u00f3n comunitaria, (\u2026) para desarticular la vida de nuestra comunidad.\u201d<\/p>\n\n\n\n<p>Reiter\u00f3 que la persecuci\u00f3n proviene de Manuel Zepeda y de su hija, Elisa Zepeda, quienes han usado sus influencias para fabricarles delitos.<\/p>\n\n\n\n<p>Relat\u00f3 que desde hace 10 a\u00f1os se han orquestado acciones ilegales en contra los pobladores mazatecos, por lo que al menos ocho habitantes fueron encarcelados en 2014 acusados por homicidio e intento de homicidio, y quienes a trav\u00e9s de amparos y otras acciones lograron demostrar su inocencia.<\/p>\n\n\n\n<p>Record\u00f3 que en diciembre de 2018, Jaime Betanzos, Herminio Monfil, Alfredo Bola\u00f1os, Omar Hugo Morales, Isa\u00edas Gallardo y Francisco Dur\u00e1n fueron declarados injustamente privados de la libertad dentro del programa del gobierno federal para liberar a presos pol\u00edticos. En junio de 2021, se reconoci\u00f3 que sus casos estaban plagados de inconsistencias.<\/p>\n\n\n\n<p>(Informaci\u00f3n de \u201cLa Jornada\u201d)<\/p>\n","protected":false},"excerpt":{"rendered":"<p>Redacci\u00f3n\/Zona Roja Cdmx. Ciudad de M\u00e9xico, a 28 de mayo de 2025.- Un grupo de&hellip;<\/p>\n","protected":false},"author":2,"featured_media":80791,"comment_status":"closed","ping_status":"open","sticky":false,"template":"","format":"standard","meta":{"_lmt_disableupdate":"","_lmt_disable":"","_jetpack_memberships_contains_paid_content":false,"footnotes":""},"categories":[109,47],"tags":[719],"class_list":["post-80790","post","type-post","status-publish","format-standard","has-post-thumbnail","hentry","category-minuto-a-minuto","category-zona-gris","tag-eloxochitlan-de-flores-magon"],"jetpack_featured_media_url":"https:\/\/zonaroja.com.mx\/wp-content\/uploads\/2025\/05\/planton-mazatecas-en-Veracruz.webp","jetpack_sharing_enabled":true,"_links":{"self":[{"href":"https:\/\/zonaroja.com.mx\/index.php?rest_route=\/wp\/v2\/posts\/80790","targetHints":{"allow":["GET"]}}],"collection":[{"href":"https:\/\/zonaroja.com.mx\/index.php?rest_route=\/wp\/v2\/posts"}],"about":[{"href":"https:\/\/zonaroja.com.mx\/index.php?rest_route=\/wp\/v2\/types\/post"}],"author":[{"embeddable":true,"href":"https:\/\/zonaroja.com.mx\/index.php?rest_route=\/wp\/v2\/users\/2"}],"replies":[{"embeddable":true,"href":"https:\/\/zonaroja.com.mx\/index.php?rest_route=%2Fwp%2Fv2%2Fcomments&post=80790"}],"version-history":[{"count":1,"href":"https:\/\/zonaroja.com.mx\/index.php?rest_route=\/wp\/v2\/posts\/80790\/revisions"}],"predecessor-version":[{"id":80792,"href":"https:\/\/zonaroja.com.mx\/index.php?rest_route=\/wp\/v2\/posts\/80790\/revisions\/80792"}],"wp:featuredmedia":[{"embeddable":true,"href":"https:\/\/zonaroja.com.mx\/index.php?rest_route=\/wp\/v2\/media\/80791"}],"wp:attachment":[{"href":"https:\/\/zonaroja.com.mx\/index.php?rest_route=%2Fwp%2Fv2%2Fmedia&parent=80790"}],"wp:term":[{"taxonomy":"category","embeddable":true,"href":"https:\/\/zonaroja.com.mx\/index.php?rest_route=%2Fwp%2Fv2%2Fcategories&post=80790"},{"taxonomy":"post_tag","embeddable":true,"href":"https:\/\/zonaroja.com.mx\/index.php?rest_route=%2Fwp%2Fv2%2Ftags&post=80790"}],"curies":[{"name":"wp","href":"https:\/\/api.w.org\/{rel}","templated":true}]}}