{"id":80793,"date":"2025-05-28T13:30:00","date_gmt":"2025-05-28T19:30:00","guid":{"rendered":"https:\/\/zonaroja.com.mx\/?p=80793"},"modified":"2025-05-28T08:14:09","modified_gmt":"2025-05-28T14:14:09","slug":"opinion-contra-el-absurdo-mi-abstencion","status":"publish","type":"post","link":"https:\/\/zonaroja.com.mx\/?p=80793","title":{"rendered":"Opini\u00f3n. Contra el absurdo,\u00a0mi\u00a0abstenci\u00f3n"},"content":{"rendered":"\n<p>N\u00e9stor Y. S\u00e1nchez Islas.<\/p>\n\n\n\n<p>No es ahora, a menos de una semana, que tom\u00e9 la decisi\u00f3n de no participar y legitimar&nbsp;lo que considero&nbsp;un&nbsp;absurdo&nbsp;y capricho del peor presidente que haya&nbsp;tenido&nbsp;M\u00e9xico. Ya no se trata de buscarle la l\u00f3gica a lo irracional, ni siquiera de profundas reflexiones filos\u00f3ficas. Bastar\u00eda con tener un poco de sentido com\u00fan para darse cuenta de que elegir a los jueces es como elegir por popularidad al m\u00e9dico que me operar\u00e1. La impartici\u00f3n de justicia no debe ser un asunto de popularidad sino de interpretaci\u00f3n y aplicaci\u00f3n de la ley.<\/p>\n\n\n\n<p>Para quienes hemos sido v\u00edctimas del sistema judicial mexicano deber\u00eda ser motivo de j\u00fabilo. Y, si en esta jugada antidemocr\u00e1tica de L\u00f3pez hubiera incluido a fiscales y ministerios p\u00fablicos el j\u00fabilo deber\u00eda ser mayor.&nbsp;Pero no hace falta tener m\u00e1s de dos dedos de frente para saber que la aplicaci\u00f3n de la ley no&nbsp;es&nbsp;un&nbsp;asunto de&nbsp;ideolog\u00edas&nbsp;ni de&nbsp;sometimiento&nbsp;al presidente.<\/p>\n\n\n\n<p>AMLO puede ser muy popular, pero nada&nbsp;borrar\u00e1&nbsp;de la historia que la devastaci\u00f3n de un Poder Judicial aut\u00f3nomo y profesional&nbsp;la debemos a&nbsp;una mente acomplejada y vengativa. Su perfil mesi\u00e1nico lo&nbsp;entendi\u00f3&nbsp;muy bien Enrique Krauze, qui\u00e9n lo calific\u00f3 de mes\u00edas tropical, mote que, aunque no le gust\u00f3, lo defin\u00eda, y lo sigue definiendo muy bien. Crey\u00e9ndose ser portador de un designio divino, dej\u00f3 al pa\u00eds sumido en&nbsp;sangre, endeudamiento y&nbsp;par\u00e1lisis econ\u00f3mica.<\/p>\n\n\n\n<p>La democracia es la forma ideal de gobierno porque sus&nbsp;principios&nbsp;son&nbsp;universalmente aceptados. La igualdad, la libertad, la justicia, la participaci\u00f3n ciudadana y la rendici\u00f3n de cuentas son lo que la gente esperar\u00eda de un&nbsp;gobierno democr\u00e1tico. Sin embargo, no&nbsp;existe&nbsp;un solo tipo de democracia y, la democracia misma ideada por los&nbsp;griegosnaci\u00f3 con reglas y castigos para quienes la&nbsp;traicionan.<\/p>\n\n\n\n<p>Este r\u00e9gimen, que no es un secreto que simpatiza con Cuba, Rusia, Venezuela y Nicaragua, busca lo que se conoce&nbsp;como&nbsp;una democracia popular. Al agregarle el adjetivo \u201cpopular\u201d enga\u00f1an a la gente porque \u00e9sta cree que al decirlo&nbsp;se refieren a ellos, el pueblo bueno. Nada m\u00e1s alejado de la realidad. Un democracia popular es parte de la \u201crevoluci\u00f3n democr\u00e1tica\u201d popularizada por Le\u00f3n Trotsky como un paso previo y el camino&nbsp;directo al socialismo.<\/p>\n\n\n\n<p>La presidenta, radical en su origen, ni siquiera lo esconde. Una y otra vez&nbsp;declara&nbsp;que en M\u00e9xico est\u00e1n construyendo una democracia popular, y la gente lo celebra porque no&nbsp;comprende su verdadero significado.<\/p>\n\n\n\n<p>La destrucci\u00f3n del Poder Judicial viene de lo que podr\u00eda considerarse un golpe de Estado. Morena y sus aliados obtuvieron el 54% de la votaci\u00f3n. El 46% restante votamos en contra. A pesar de ello y mediante maniobras se hicieron con la mayor\u00eda calificada de la C\u00e1mara de Diputados, lo que allan\u00f3 su camino para imponer su modelo autocr\u00e1tico. La ruta&nbsp;de M\u00e9xico&nbsp;en este momento es la consolidaci\u00f3n de un partido \u00fanico con un presidente omnipotente&nbsp;e imperial.<\/p>\n\n\n\n<p>Obtener la mayor\u00eda en las urnas no es tener el derecho a hacer lo que les venga en gana. Amparados en esa simpleza de pensamiento, el r\u00e9gimen acab\u00f3 con las instituciones que una&nbsp;verdadera democracia&nbsp;deber\u00eda tener para cumplir con la igualdad, la transparencia, justicia y rendici\u00f3n de cuentas. En su lugar, se construye un r\u00e9gimen de democracia popular que no es otra cosa que sin\u00f3nimo de dictadura, una mezcla tropical y muy mexicana de monocracia, kakistocracia y oclocracia parapetados en una supuesta superioridad moral frente a nosotros, los conservadores como ellos nos califican por disentir.<\/p>\n\n\n\n<p>No acudir\u00e9 a votar porque no quiero convalidar la destrucci\u00f3n de la democracia mexicana ni todo el c\u00famulo de irregularidades que se han dado para sacar adelante su mal llamada reforma judicial. No creo en que la justicia sea asunto de popularidad ni demagogia de campa\u00f1a como la que ya escuchamos de algunos candidatos.<\/p>\n\n\n\n<p>No conozco a ninguno de los candidatos, pero si se ha documentado que muchos de ellos no cumplen siquiera con el perfil m\u00ednimo o tienen un pasado dudoso. Creo que es mejor llegar por m\u00e9ritos que por popularidad. Los partidos pol\u00edticos ya distribuyen acordeones y los gobernadores giran instrucciones sobre de c\u00f3mo debe ser el sentido de la votaci\u00f3n. No es broma cuando alguien ridiculiz\u00f3 al r\u00e9gimen&nbsp;afirmando&nbsp;que ya ten\u00edan a los jueces, solo faltaban las elecciones.<\/p>\n\n\n\n<p>\u201cSi no te gustan estos principios, tengo otros\u201d, frase atribuida al comediante norteamericano Marx Groucho&nbsp;no aplica conmigo. Prefiero pensar por&nbsp;m\u00ed&nbsp;mismo y correr el riesgo de equivocarme que terminar siendo un borrego que sigue a cualquiera que se le ponga enfrente con un discurso manipulador y falsario.<\/p>\n\n\n\n<p>Al r\u00e9gimen no&nbsp;le&nbsp;afecta&nbsp;perder mi voto, tienen los recursos y los medios para llenar de acarreados las casillas. Me quedo con mi congruencia y&nbsp;la 4T con su farsa mientras las campanas doblan por la democracia y constituci\u00f3n mexicana.<\/p>\n\n\n\n<p>nestoryuri@yahoo.com<\/p>\n","protected":false},"excerpt":{"rendered":"<p>N\u00e9stor Y. S\u00e1nchez Islas. No es ahora, a menos de una semana, que tom\u00e9 la&hellip;<\/p>\n","protected":false},"author":2,"featured_media":67897,"comment_status":"closed","ping_status":"open","sticky":false,"template":"","format":"standard","meta":{"_lmt_disableupdate":"","_lmt_disable":"","_jetpack_memberships_contains_paid_content":false,"footnotes":""},"categories":[456,109],"tags":[3050],"class_list":["post-80793","post","type-post","status-publish","format-standard","has-post-thumbnail","hentry","category-columna","category-minuto-a-minuto","tag-nestor-yuri-sanchez"],"jetpack_featured_media_url":"https:\/\/zonaroja.com.mx\/wp-content\/uploads\/2024\/05\/Opinion-Nestor-Yuri-Sanchez.jpeg","jetpack_sharing_enabled":true,"_links":{"self":[{"href":"https:\/\/zonaroja.com.mx\/index.php?rest_route=\/wp\/v2\/posts\/80793","targetHints":{"allow":["GET"]}}],"collection":[{"href":"https:\/\/zonaroja.com.mx\/index.php?rest_route=\/wp\/v2\/posts"}],"about":[{"href":"https:\/\/zonaroja.com.mx\/index.php?rest_route=\/wp\/v2\/types\/post"}],"author":[{"embeddable":true,"href":"https:\/\/zonaroja.com.mx\/index.php?rest_route=\/wp\/v2\/users\/2"}],"replies":[{"embeddable":true,"href":"https:\/\/zonaroja.com.mx\/index.php?rest_route=%2Fwp%2Fv2%2Fcomments&post=80793"}],"version-history":[{"count":1,"href":"https:\/\/zonaroja.com.mx\/index.php?rest_route=\/wp\/v2\/posts\/80793\/revisions"}],"predecessor-version":[{"id":80794,"href":"https:\/\/zonaroja.com.mx\/index.php?rest_route=\/wp\/v2\/posts\/80793\/revisions\/80794"}],"wp:featuredmedia":[{"embeddable":true,"href":"https:\/\/zonaroja.com.mx\/index.php?rest_route=\/wp\/v2\/media\/67897"}],"wp:attachment":[{"href":"https:\/\/zonaroja.com.mx\/index.php?rest_route=%2Fwp%2Fv2%2Fmedia&parent=80793"}],"wp:term":[{"taxonomy":"category","embeddable":true,"href":"https:\/\/zonaroja.com.mx\/index.php?rest_route=%2Fwp%2Fv2%2Fcategories&post=80793"},{"taxonomy":"post_tag","embeddable":true,"href":"https:\/\/zonaroja.com.mx\/index.php?rest_route=%2Fwp%2Fv2%2Ftags&post=80793"}],"curies":[{"name":"wp","href":"https:\/\/api.w.org\/{rel}","templated":true}]}}