{"id":80795,"date":"2025-05-28T12:14:00","date_gmt":"2025-05-28T18:14:00","guid":{"rendered":"https:\/\/zonaroja.com.mx\/?p=80795"},"modified":"2025-05-28T08:19:18","modified_gmt":"2025-05-28T14:19:18","slug":"acordeones-confirman-simulacion-amlo-busco-someter-a-los-jueces","status":"publish","type":"post","link":"https:\/\/zonaroja.com.mx\/?p=80795","title":{"rendered":"\u201cAcordeones confirman simulaci\u00f3n; AMLO busc\u00f3 someter a los jueces\u201d"},"content":{"rendered":"\n<p>Redacci\u00f3n\/Zona Roja Cdmx.<\/p>\n\n\n\n<p>Ciudad de M\u00e9xico, a 28 de mayo de 2025.- La Asociaci\u00f3n Nacional de Magistrados de Circuito y Jueces de Distrito del Poder Judicial de la Federaci\u00f3n (JUFED) asegur\u00f3 que los \u00bbacordeones\u00bb repartidos entre ciudadanos para votar el pr\u00f3ximo domingo 1 de julio, confirman que la Reforma Judicial y la elecci\u00f3n son una simulaci\u00f3n.<\/p>\n\n\n\n<p>\u00abEl 1 de junio ser\u00e1 una simulaci\u00f3n, porque ning\u00fan juez puede reunirse en asambleas con el pueblo, porque estar\u00e1 cometiendo un delito sancionado por la ley\u00bb, se\u00f1al\u00f3 la Asociaci\u00f3n en un comunicado.<\/p>\n\n\n\n<p>Los magistrados y jueces aseguraron que el domingo se va a elegir entre la democracia y \u00bbel sometimiento\u00bb.<\/p>\n\n\n\n<p>En cuatro cuartillas, la JUFED llam\u00f3 a los millones que tienen posibilidad de votar a reflexionar sobre \u00bbel golpe a la democracia\u00bb que represent\u00f3 la Reforma Judicial promovida por el entonces presidente Andr\u00e9s Manuel L\u00f3pez Obrador.<\/p>\n\n\n\n<p>\u00abLa denominada elecci\u00f3n judicial representante, en realidad, una estrategia de Morena y algunos otros partidos que, lejos de fortalecer un Poder Judicial aut\u00f3nomo, busca debilitar los principios que lo sustentan para poner sus decisiones al servicio de los intereses del gobierno en turno y su mayor\u00eda en el Congreso\u00bb, indic\u00f3.<\/p>\n\n\n\n<p>Tambi\u00e9n critic\u00f3 los m\u00e9todos de selecci\u00f3n de los candidatos, los cuales fueron preseleccionados por los Poderes de la Uni\u00f3n.<\/p>\n\n\n\n<p>\u00abSiempre estuvo en la mente del expresidente L\u00f3pez Obrador la intenci\u00f3n de someter con el pie a los juzgadores que tuvieran el valor de hacer prevalecer el derecho por encima del poder\u00bb, se\u00f1al\u00f3 la JUFED.<\/p>\n\n\n\n<p>\u00bbEsa pretensi\u00f3n autoritaria, impropia de un r\u00e9gimen democr\u00e1tico, es algo que ni el propio Ju\u00e1rez, defensor de las instituciones y del Estado laico, hubiera tolerado. En palabras del propio Ju\u00e1rez, &#8216;nada hay m\u00e1s alto que el respeto a la ley y la obediencia a la justicia'\u00bb, agreg\u00f3.<\/p>\n\n\n\n<p>El Instituto Nacional Electoral (INE) est\u00e1 indagando denuncias acerca de que grupos pol\u00edticos, incluido el gobernante Morena, est\u00e1n tratando de influir en los votantes en las pr\u00f3ximas elecciones judiciales, dijo el lunes un funcionario del organismo.<\/p>\n\n\n\n<p>Los mexicanos acudir\u00e1n a las urnas el domingo para elegir entre miles de candidatos que compiten por m\u00e1s de 840 cargos de jueces y magistrados federales, incluyendo todos los ministros de la Suprema Corte de Justicia. Ser\u00e1n las primeras elecciones judiciales de la historia de M\u00e9xico.<\/p>\n\n\n\n<p>Las reglas electorales dictan que los candidatos no pueden utilizar materiales de campa\u00f1a que los vinculen a un partido pol\u00edtico, participar en eventos organizados por partidos pol\u00edticos ni aceptar donaciones de ning\u00fan tipo.<\/p>\n\n\n\n<p>Claudia Zavala, consejera electoral del INE, dijo a Reuters que la instituci\u00f3n est\u00e1 analizando dos quejas. La primera alega que el gobierno del estado norte\u00f1o Nuevo Le\u00f3n y el partido pol\u00edtico Movimiento Ciudadano (MC) pidieron a funcionarios p\u00fablicos que llevaran a los votantes a las urnas y compartieron panfletos promocionando los nombres de los candidatos.<\/p>\n\n\n\n<p>La segunda denuncia, en Ciudad de M\u00e9xico, la capital, plantea acusaciones similares contra funcionarios p\u00fablicos y el partido gobernante, Morena.<\/p>\n\n\n\n<p>Las primeras elecciones judiciales de la historia de M\u00e9xico, resultado de una reforma propuesta por el expresidente Andr\u00e9s Manuel L\u00f3pez Obrador, han suscitado cr\u00edticas por el riesgo de que eliminen los contrapesos a Morena y podr\u00edan permitir a grupos del crimen organizado una mayor influencia sobre el sistema judicial.<\/p>\n\n\n\n<p>(En \u201cExpansi\u00f3n Pol\u00edtica\u201d, con informaci\u00f3n de la agencia Reuters)<\/p>\n","protected":false},"excerpt":{"rendered":"<p>Redacci\u00f3n\/Zona Roja Cdmx. Ciudad de M\u00e9xico, a 28 de mayo de 2025.- La Asociaci\u00f3n Nacional&hellip;<\/p>\n","protected":false},"author":2,"featured_media":80796,"comment_status":"closed","ping_status":"open","sticky":false,"template":"","format":"standard","meta":{"_lmt_disableupdate":"","_lmt_disable":"","_jetpack_memberships_contains_paid_content":false,"footnotes":""},"categories":[109,47],"tags":[4291],"class_list":["post-80795","post","type-post","status-publish","format-standard","has-post-thumbnail","hentry","category-minuto-a-minuto","category-zona-gris","tag-eleccion-judicial-mexico"],"jetpack_featured_media_url":"https:\/\/zonaroja.com.mx\/wp-content\/uploads\/2025\/05\/Eleccion-poder-judicial.jpeg","jetpack_sharing_enabled":true,"_links":{"self":[{"href":"https:\/\/zonaroja.com.mx\/index.php?rest_route=\/wp\/v2\/posts\/80795","targetHints":{"allow":["GET"]}}],"collection":[{"href":"https:\/\/zonaroja.com.mx\/index.php?rest_route=\/wp\/v2\/posts"}],"about":[{"href":"https:\/\/zonaroja.com.mx\/index.php?rest_route=\/wp\/v2\/types\/post"}],"author":[{"embeddable":true,"href":"https:\/\/zonaroja.com.mx\/index.php?rest_route=\/wp\/v2\/users\/2"}],"replies":[{"embeddable":true,"href":"https:\/\/zonaroja.com.mx\/index.php?rest_route=%2Fwp%2Fv2%2Fcomments&post=80795"}],"version-history":[{"count":1,"href":"https:\/\/zonaroja.com.mx\/index.php?rest_route=\/wp\/v2\/posts\/80795\/revisions"}],"predecessor-version":[{"id":80797,"href":"https:\/\/zonaroja.com.mx\/index.php?rest_route=\/wp\/v2\/posts\/80795\/revisions\/80797"}],"wp:featuredmedia":[{"embeddable":true,"href":"https:\/\/zonaroja.com.mx\/index.php?rest_route=\/wp\/v2\/media\/80796"}],"wp:attachment":[{"href":"https:\/\/zonaroja.com.mx\/index.php?rest_route=%2Fwp%2Fv2%2Fmedia&parent=80795"}],"wp:term":[{"taxonomy":"category","embeddable":true,"href":"https:\/\/zonaroja.com.mx\/index.php?rest_route=%2Fwp%2Fv2%2Fcategories&post=80795"},{"taxonomy":"post_tag","embeddable":true,"href":"https:\/\/zonaroja.com.mx\/index.php?rest_route=%2Fwp%2Fv2%2Ftags&post=80795"}],"curies":[{"name":"wp","href":"https:\/\/api.w.org\/{rel}","templated":true}]}}