{"id":80798,"date":"2025-05-28T14:20:00","date_gmt":"2025-05-28T20:20:00","guid":{"rendered":"https:\/\/zonaroja.com.mx\/?p=80798"},"modified":"2025-05-28T08:21:49","modified_gmt":"2025-05-28T14:21:49","slug":"suprema-corte-debe-estar-integrada-por-mejores-perfiles-allier-campuzano","status":"publish","type":"post","link":"https:\/\/zonaroja.com.mx\/?p=80798","title":{"rendered":"Suprema Corte debe estar integrada por mejores perfiles: Allier Campuzano"},"content":{"rendered":"\n<p>Raymundo Morales\/Zona Roja.\u00a0<\/p>\n\n\n\n<p>Oaxaca, Oax., a 28 de mayo de 2025.- El candidato a ministro de la Suprema Corte de Justicia de la Naci\u00f3n, Jaime Allier Campuzano, enfatiz\u00f3 la necesidad de preservar el patrimonio cultural intangible de Oaxaca, especialmente su gastronom\u00eda. Esto durante un encuentro virtual con cocineras tradicionales moderado por la reconocida chef Celia Flori\u00e1n.<\/p>\n\n\n\n<p>El magistrado, quien aparece en la boleta morada con el n\u00famero 35 para las elecciones del 1 de junio, comparti\u00f3 su experiencia en la protecci\u00f3n legal de manifestaciones culturales como la Guelaguetza, iniciativa que promovi\u00f3 como ciudadano y en ese contexto destac\u00f3 la necesidad de la creaci\u00f3n cat\u00e1logos municipales de recetas tradicionales como una tarea que deben llevar a cabo ya sea la Secretar\u00eda de Cultura, los ayuntamientos, o las Casas de la Cultura de cada localidad.<\/p>\n\n\n\n<p>En la reuni\u00f3n virtual, Allier Campuzano resalt\u00f3 la importancia de involucrar a las nuevas generaciones para la conservaci\u00f3n de los platillos tradicionales que solo en Oaxaca incluyen a las soletas de Ocotl\u00e1n que es un dulce regional en peligro de extinci\u00f3n, y postres como el huevo real y el ante, o el petlatamal, una especie de tamal con carne de puerco servido con pollo durante la festividad de Martes de Brujas que se celebra en el municipio de Santa Cruz Xoxocotl\u00e1n, entre otros ejemplos.<\/p>\n\n\n\n<p>El candidato a Ministro con el n\u00famero 35 de la boleta morada, subray\u00f3: \u00abEntonces mi preocupaci\u00f3n es, \u00bfQu\u00e9 va a pasar el d\u00eda que fallezca el se\u00f1or (que elabora las soletas en Ocotl\u00e1n)? Ojal\u00e1 le transmita la receta a sus descendientes, para que sigamos disfrutando de ese dulce regional tan sabroso. Tambi\u00e9n se est\u00e1 extinguiendo dos postres. El huevo real, por ejemplo, en ning\u00fan restaurante de Oaxaca ya lo elaboran.\u00bb<\/p>\n\n\n\n<p>Las cocineras tradicionales coincidieron en la necesidad de documentar y compartir las recetas para evitar su p\u00e9rdida. Gladys, cocinera de Sola de Vega, destac\u00f3: \u00abTenemos una gran responsabilidad de dejar un legado. El hecho de compartir nos hace ser m\u00e1s grandes\u00bb.<\/p>\n\n\n\n<p>De su lado, la chef Celia Florian remarc\u00f3 la importancia de redactar un compendio de recetas de las diferentes regiones ya que existen muchas variantes en los procesos de elaboraci\u00f3n, incluso para un mismo elemento o platillo como el proceso de nixtamalizaci\u00f3n en donde factores como el tipo de ma\u00edz, la altura, temperatura ambiente y humedad que son tomados en cuenta por las cocineras tradicionales quienes priorizan el uso de ingredientes de los productores regionales..<\/p>\n\n\n\n<p>Igualmente, la renombrada chef de la cocina tradicional oaxaque\u00f1a, extern\u00f3 su reconocimiento por el trabajo del candidato Allier Campuzano que durante a\u00f1os ha llevado a cabo para la conservaci\u00f3n de los bienes culturales tangibles e intangibles y destac\u00f3 su formaci\u00f3n como juzgador de carrera la cual, indic\u00f3, da confianza en un proceso que requiere de personas con un perfil judicial y no pol\u00edtico partidista. &nbsp;<\/p>\n\n\n\n<p>En esa tesitura, Jaime Allier subray\u00f3 que la gran importancia de la pr\u00f3xima jornada electoral que se realizar\u00e1 el pr\u00f3ximo domingo 1 de junio, radica en que, entre muchos cargos, se integrar\u00e1 una nueva Suprema Corte de Justicia de la Naci\u00f3n el cual es un \u00f3rgano terminal de la justicia por lo que hizo un llamado a emitir un voto informado para que la reforma al Poder Judicial redunde en beneficio del pueblo de M\u00e9xico.<\/p>\n","protected":false},"excerpt":{"rendered":"<p>Raymundo Morales\/Zona Roja.\u00a0 Oaxaca, Oax., a 28 de mayo de 2025.- El candidato a ministro&hellip;<\/p>\n","protected":false},"author":2,"featured_media":80799,"comment_status":"closed","ping_status":"open","sticky":false,"template":"","format":"standard","meta":{"_lmt_disableupdate":"","_lmt_disable":"","_jetpack_memberships_contains_paid_content":false,"footnotes":""},"categories":[109,46],"tags":[4263],"class_list":["post-80798","post","type-post","status-publish","format-standard","has-post-thumbnail","hentry","category-minuto-a-minuto","category-zona-blanca","tag-jaime-allier-campuzano"],"jetpack_featured_media_url":"https:\/\/zonaroja.com.mx\/wp-content\/uploads\/2025\/05\/allier-cocineras1.jpg","jetpack_sharing_enabled":true,"_links":{"self":[{"href":"https:\/\/zonaroja.com.mx\/index.php?rest_route=\/wp\/v2\/posts\/80798","targetHints":{"allow":["GET"]}}],"collection":[{"href":"https:\/\/zonaroja.com.mx\/index.php?rest_route=\/wp\/v2\/posts"}],"about":[{"href":"https:\/\/zonaroja.com.mx\/index.php?rest_route=\/wp\/v2\/types\/post"}],"author":[{"embeddable":true,"href":"https:\/\/zonaroja.com.mx\/index.php?rest_route=\/wp\/v2\/users\/2"}],"replies":[{"embeddable":true,"href":"https:\/\/zonaroja.com.mx\/index.php?rest_route=%2Fwp%2Fv2%2Fcomments&post=80798"}],"version-history":[{"count":1,"href":"https:\/\/zonaroja.com.mx\/index.php?rest_route=\/wp\/v2\/posts\/80798\/revisions"}],"predecessor-version":[{"id":80800,"href":"https:\/\/zonaroja.com.mx\/index.php?rest_route=\/wp\/v2\/posts\/80798\/revisions\/80800"}],"wp:featuredmedia":[{"embeddable":true,"href":"https:\/\/zonaroja.com.mx\/index.php?rest_route=\/wp\/v2\/media\/80799"}],"wp:attachment":[{"href":"https:\/\/zonaroja.com.mx\/index.php?rest_route=%2Fwp%2Fv2%2Fmedia&parent=80798"}],"wp:term":[{"taxonomy":"category","embeddable":true,"href":"https:\/\/zonaroja.com.mx\/index.php?rest_route=%2Fwp%2Fv2%2Fcategories&post=80798"},{"taxonomy":"post_tag","embeddable":true,"href":"https:\/\/zonaroja.com.mx\/index.php?rest_route=%2Fwp%2Fv2%2Ftags&post=80798"}],"curies":[{"name":"wp","href":"https:\/\/api.w.org\/{rel}","templated":true}]}}