{"id":8080,"date":"2020-01-26T15:05:02","date_gmt":"2020-01-26T21:05:02","guid":{"rendered":"http:\/\/www.zonaroja.com.mx\/?p=8080"},"modified":"2020-01-26T15:08:02","modified_gmt":"2020-01-26T21:08:02","slug":"ejecutan-a-comerciante-en-el-interior-de-mercado-de-la-capital-de-oaxaca","status":"publish","type":"post","link":"https:\/\/zonaroja.com.mx\/?p=8080","title":{"rendered":"Ejecutan a comerciante en el interior de mercado de la capital de Oaxaca"},"content":{"rendered":"\n<p>Ismael Garc\u00eda M.\/Zona Roja.<\/p>\n\n\n\n<p>Oaxaca de Ju\u00e1rez, Oax., 26 de enero de\n2020.- Ante cientos de personas que acuden a ese lugar, un comerciante fue\nejecutado al mediod\u00eda de este domingo, en el interior del mercado \u201cLa Merced\u201d\nde la ciudad de Oaxaca.<\/p>\n\n\n\n<p>Fue aproximadamente a las 12:35 horas\nen que se dio el aviso de alerta de disparos en ese centro comercial popular,\nubicado entre las calles de Morelos, Nicol\u00e1s del Puerto y Murgu\u00eda, as\u00ed como\ncalzada de la Rep\u00fablica, a unas ocho cuadras del Centro Hist\u00f3rico.<\/p>\n\n\n\n<p>Al lugar arribaron de inmediato\nparam\u00e9dicos de la Cruz Roja Mexicana y en un puesto de venta de especies y\nyerbas para medicina casera, atendieron a un masculino; sin embargo, minutos\ndespu\u00e9s corroboraron que ya hab\u00eda perdido la vida.<\/p>\n\n\n\n<p>De manera preliminar fue identificado como H\u00e9ctor Omar L\u00f3pez L\u00f3pez, de aproximadamente 32 a\u00f1os de edad, quien recibi\u00f3 un balazo en la cabeza.<\/p>\n\n\n\n<figure class=\"wp-block-embed-twitter wp-block-embed is-type-rich is-provider-twitter\"><div class=\"wp-block-embed__wrapper\">\n<div class=\"twitter-tweet\"><blockquote class=\"twitter-tweet\" data-lang=\"es\"><p lang=\"es\" dir=\"ltr\"><a href=\"https:\/\/twitter.com\/hashtag\/OaxacaRojo?src=hash&amp;ref_src=twsrc%5Etfw\">#OaxacaRojo<\/a><br>Como H\u00e9ctor Omar L\u00f3pez, de 32 a\u00f1os de edad, fue identificada la persona ejecutada a balazos en el interior del mercado \u201cLa Merced\u201d de la ciudad de Oaxaca, poco despu\u00e9s del mediod\u00eda de este domingo. <a href=\"https:\/\/t.co\/etnGCZVqC3\">pic.twitter.com\/etnGCZVqC3<\/a><\/p>&mdash; Zona Roja Oaxaca (@MexRoja) <a href=\"https:\/\/twitter.com\/MexRoja\/status\/1221536081855860737?ref_src=twsrc%5Etfw\">26 de enero de 2020<\/a><\/blockquote><\/div>\n<\/div><\/figure>\n\n\n\n<p>Pese a que en la zona hab\u00eda decenas de\ncomerciantes y cientos de clientes, tanto en el \u00e1rea de frutas y verduras,\ncarne como de otros alimentos, pocos escucharon la detonaci\u00f3n.<\/p>\n\n\n\n<p>No fue hasta que se dieron cuenta de la\npersona derribada en que hicieron las llamadas de auxilio.<\/p>\n\n\n\n<p>De acuerdo con las primeras versiones,\nhabr\u00eda sido asesinado por un presunto colombiano, al negarse a pagar la deuda\nque hab\u00eda contra\u00eddo. Sin embargo, ser\u00e1n las autoridades ministeriales y de la\nAgencia Estatal de Investigaciones quienes confirmen el m\u00f3vil.<\/p>\n\n\n\n<p>De manera paulatina los comerciantes\ndel \u00e1rea fueron cerrando sus locales en tanto que polic\u00edas de investigaci\u00f3n\nacordonaron el \u00e1rea.<\/p>\n\n\n\n<p>El presunto responsable se dio a la\nfuga y vest\u00eda playera azul y pantal\u00f3n de mezclilla, de acuerdo con los datos\nproporcionados por la gente a los uniformados; aunque desplegaron operativos de\nb\u00fasqueda en la zona, no dieron con el responsable del crimen.<\/p>\n","protected":false},"excerpt":{"rendered":"<p>Ismael Garc\u00eda M.\/Zona Roja. Oaxaca de Ju\u00e1rez, Oax., 26 de enero de 2020.- Ante cientos&hellip;<\/p>\n","protected":false},"author":2,"featured_media":8081,"comment_status":"closed","ping_status":"open","sticky":false,"template":"","format":"standard","meta":{"_lmt_disableupdate":"","_lmt_disable":"","_jetpack_memberships_contains_paid_content":false,"footnotes":""},"categories":[109,51],"tags":[1174,148],"class_list":["post-8080","post","type-post","status-publish","format-standard","has-post-thumbnail","hentry","category-minuto-a-minuto","category-zona-roja","tag-mercado-la-merced","tag-oaxaca-de-juarez"],"jetpack_featured_media_url":"https:\/\/zonaroja.com.mx\/wp-content\/uploads\/2020\/01\/Ejecutado-mercado-La-Merced.png","jetpack_sharing_enabled":true,"_links":{"self":[{"href":"https:\/\/zonaroja.com.mx\/index.php?rest_route=\/wp\/v2\/posts\/8080","targetHints":{"allow":["GET"]}}],"collection":[{"href":"https:\/\/zonaroja.com.mx\/index.php?rest_route=\/wp\/v2\/posts"}],"about":[{"href":"https:\/\/zonaroja.com.mx\/index.php?rest_route=\/wp\/v2\/types\/post"}],"author":[{"embeddable":true,"href":"https:\/\/zonaroja.com.mx\/index.php?rest_route=\/wp\/v2\/users\/2"}],"replies":[{"embeddable":true,"href":"https:\/\/zonaroja.com.mx\/index.php?rest_route=%2Fwp%2Fv2%2Fcomments&post=8080"}],"version-history":[{"count":1,"href":"https:\/\/zonaroja.com.mx\/index.php?rest_route=\/wp\/v2\/posts\/8080\/revisions"}],"predecessor-version":[{"id":8082,"href":"https:\/\/zonaroja.com.mx\/index.php?rest_route=\/wp\/v2\/posts\/8080\/revisions\/8082"}],"wp:featuredmedia":[{"embeddable":true,"href":"https:\/\/zonaroja.com.mx\/index.php?rest_route=\/wp\/v2\/media\/8081"}],"wp:attachment":[{"href":"https:\/\/zonaroja.com.mx\/index.php?rest_route=%2Fwp%2Fv2%2Fmedia&parent=8080"}],"wp:term":[{"taxonomy":"category","embeddable":true,"href":"https:\/\/zonaroja.com.mx\/index.php?rest_route=%2Fwp%2Fv2%2Fcategories&post=8080"},{"taxonomy":"post_tag","embeddable":true,"href":"https:\/\/zonaroja.com.mx\/index.php?rest_route=%2Fwp%2Fv2%2Ftags&post=8080"}],"curies":[{"name":"wp","href":"https:\/\/api.w.org\/{rel}","templated":true}]}}