{"id":80812,"date":"2025-05-29T19:43:00","date_gmt":"2025-05-30T01:43:00","guid":{"rendered":"https:\/\/zonaroja.com.mx\/?p=80812"},"modified":"2025-05-29T19:43:03","modified_gmt":"2025-05-30T01:43:03","slug":"encuesta-ef-aprobacion-de-sheinbaum-es-de-77-en-mayo","status":"publish","type":"post","link":"https:\/\/zonaroja.com.mx\/?p=80812","title":{"rendered":"Encuesta EF: Aprobaci\u00f3n de Sheinbaum es de 77% en mayo"},"content":{"rendered":"\n<p>Redacci\u00f3n\/Zona Roja Cdmx.<\/p>\n\n\n\n<p>Ciudad de M\u00e9xico, a 29 de mayo de 2025.- En mayo, el nivel de aprobaci\u00f3n ciudadana a la presidenta Claudia Sheinbaum registr\u00f3 77 por ciento, de acuerdo con la encuesta nacional de El Financiero realizada a mil 100 personas adultas.<\/p>\n\n\n\n<p>Este nivel de aceptaci\u00f3n refleja una ligera baja de cuatro puntos respecto al mes anterior, y de ocho puntos respecto a 85 por ciento registrado en febrero pasado, hasta ahora el nivel m\u00e1ximo de apoyo a la presidenta.<\/p>\n\n\n\n<p>La encuesta revela que en mayo hubo bajas en la opini\u00f3n favorable en distintos rubros: el manejo de la econom\u00eda pas\u00f3 de 74 a 67 por ciento, mientras que los apoyos sociales la diminuci\u00f3n fue de 83 a 74 por ciento. A\u00fan as\u00ed, en ambos rubros predomina una evaluaci\u00f3n positiva sobre el desempe\u00f1o del gobierno.<\/p>\n\n\n\n<p>En seguridad p\u00fablica, la opini\u00f3n se divide: 48 por ciento califica positivamente el desempe\u00f1o del gobierno de Sheinbaum y 40 por ciento lo eval\u00faa negativamente. La disminuci\u00f3n en opini\u00f3n positiva respecto al mes anterior fue de nueve puntos porcentuales. Por su parte, la percepci\u00f3n negativa subi\u00f3 ligeramente, de 37 a 40 por ciento.<\/p>\n\n\n\n<p>El desempe\u00f1o frente al crimen organizado baj\u00f3 en su percepci\u00f3n favorable de 35 a 28 por ciento, mientras que la opini\u00f3n negativa subi\u00f3 de 61 a 67 por ciento.<\/p>\n\n\n\n<p>En corrupci\u00f3n, el salto de las opiniones negativas fue todav\u00eda m\u00e1s marcado, al pasar de 52 a 65 por ciento, entre abril y mayo, mientras que las percepciones favorables bajaron de 39 a 28 por ciento.<\/p>\n\n\n\n<p>La encuesta tambi\u00e9n registra un aumento en la percepci\u00f3n de que la corrupci\u00f3n es el principal problema que hay en el pa\u00eds actualmente, de 15 por ciento, en abril, a 21 por ciento, en mayo. Ambos son los niveles m\u00e1s altos de menci\u00f3n a la corrupci\u00f3n como problema principal, por lo menos, desde enero de 2023, bajo la anterior administraci\u00f3n.<\/p>\n\n\n\n<p>La inseguridad sigue predominando como el principal problema, con 57 por ciento; es la primera vez en m\u00e1s de un a\u00f1o que este indicador se ubica por debajo de 60 por ciento.<\/p>\n\n\n\n<p>TRUMP Y EU<\/p>\n\n\n\n<p>El sondeo tambi\u00e9n revela que el giro favorable que se hab\u00eda dado en las percepciones sobre la relaci\u00f3n de Sheinbaum con su hom\u00f3logo estadounidense, Donald Trump, volvi\u00f3 a dar la vuelta, ahora en un sentido negativo: la opini\u00f3n de que el gobierno est\u00e1 manejando bien la relaci\u00f3n con Trump baj\u00f3 de 50 a 35 por ciento, entre abril y mayo, mientras que la opini\u00f3n negativa subi\u00f3 de 37 a 50 por ciento. El giro positivo no dur\u00f3 m\u00e1s de un mes.<\/p>\n\n\n\n<p>Al preguntar a la gente si est\u00e1 de acuerdo o en desacuerdo con el empleo de fuerzas militares de Estados Unidos para combatir a grupos criminales en M\u00e9xico, 27 por ciento dijo estar de acuerdo y una mayor\u00eda de 72 por ciento estuvo en desacuerdo.<\/p>\n\n\n\n<p>Este rechazo se ampli\u00f3 desde febrero, cuando 39 por ciento estaba de acuerdo y 59 por ciento en desacuerdo.<\/p>\n\n\n\n<p>Metodolog\u00eda: Encuesta nacional realizada v\u00eda telef\u00f3nica a 1,100 mexicanos adultos del 9 al 13 y del 15 al 20 de mayo de 2025. Se hizo un muestreo probabil\u00edstico de tel\u00e9fonos residenciales y celulares en las 32 entidades federativas. Con un nivel de confianza de 95% , el margen de error en las estimaciones es de +\/-3.0 por ciento. *Pregunta realizada del 9 al 13 de mayo (n=500)<\/p>\n\n\n\n<p>(Informaci\u00f3n de \u201cEl Financiero\u201d)<\/p>\n","protected":false},"excerpt":{"rendered":"<p>Redacci\u00f3n\/Zona Roja Cdmx. Ciudad de M\u00e9xico, a 29 de mayo de 2025.- En mayo, el&hellip;<\/p>\n","protected":false},"author":2,"featured_media":73489,"comment_status":"closed","ping_status":"open","sticky":false,"template":"","format":"standard","meta":{"_lmt_disableupdate":"","_lmt_disable":"","_jetpack_memberships_contains_paid_content":false,"footnotes":""},"categories":[109,46],"tags":[3370],"class_list":["post-80812","post","type-post","status-publish","format-standard","has-post-thumbnail","hentry","category-minuto-a-minuto","category-zona-blanca","tag-claudia-sheinbaum"],"jetpack_featured_media_url":"https:\/\/zonaroja.com.mx\/wp-content\/uploads\/2024\/10\/Claudia-Sheinbaum-1.jpeg","jetpack_sharing_enabled":true,"_links":{"self":[{"href":"https:\/\/zonaroja.com.mx\/index.php?rest_route=\/wp\/v2\/posts\/80812","targetHints":{"allow":["GET"]}}],"collection":[{"href":"https:\/\/zonaroja.com.mx\/index.php?rest_route=\/wp\/v2\/posts"}],"about":[{"href":"https:\/\/zonaroja.com.mx\/index.php?rest_route=\/wp\/v2\/types\/post"}],"author":[{"embeddable":true,"href":"https:\/\/zonaroja.com.mx\/index.php?rest_route=\/wp\/v2\/users\/2"}],"replies":[{"embeddable":true,"href":"https:\/\/zonaroja.com.mx\/index.php?rest_route=%2Fwp%2Fv2%2Fcomments&post=80812"}],"version-history":[{"count":1,"href":"https:\/\/zonaroja.com.mx\/index.php?rest_route=\/wp\/v2\/posts\/80812\/revisions"}],"predecessor-version":[{"id":80813,"href":"https:\/\/zonaroja.com.mx\/index.php?rest_route=\/wp\/v2\/posts\/80812\/revisions\/80813"}],"wp:featuredmedia":[{"embeddable":true,"href":"https:\/\/zonaroja.com.mx\/index.php?rest_route=\/wp\/v2\/media\/73489"}],"wp:attachment":[{"href":"https:\/\/zonaroja.com.mx\/index.php?rest_route=%2Fwp%2Fv2%2Fmedia&parent=80812"}],"wp:term":[{"taxonomy":"category","embeddable":true,"href":"https:\/\/zonaroja.com.mx\/index.php?rest_route=%2Fwp%2Fv2%2Fcategories&post=80812"},{"taxonomy":"post_tag","embeddable":true,"href":"https:\/\/zonaroja.com.mx\/index.php?rest_route=%2Fwp%2Fv2%2Ftags&post=80812"}],"curies":[{"name":"wp","href":"https:\/\/api.w.org\/{rel}","templated":true}]}}