{"id":80814,"date":"2025-05-29T20:58:06","date_gmt":"2025-05-30T02:58:06","guid":{"rendered":"https:\/\/zonaroja.com.mx\/?p=80814"},"modified":"2025-05-29T20:58:06","modified_gmt":"2025-05-30T02:58:06","slug":"opinion-cinco-claves-para-entender-a-la-s-22","status":"publish","type":"post","link":"https:\/\/zonaroja.com.mx\/?p=80814","title":{"rendered":"Opini\u00f3n. Cinco claves para entender a la S-22"},"content":{"rendered":"\n<p>Adri\u00e1n Ortiz Romero Cuevas*<\/p>\n\n\n\n<p>Es imposible entender al magisterio oaxaque\u00f1o adherido a la CNTE como un hecho aislado. Dicho grupo constituye el m\u00e1s importante elemento aglutinador de la lucha social en Oaxaca, que tambi\u00e9n es un gremio y, por supuesto, es tambi\u00e9n el m\u00e1s relevante elemento de la gobernabilidad del sureste y, eventualmente, uno de los m\u00e1s influyentes en el pa\u00eds. Existen por lo menos cinco claves esenciales para comprender sus movimientos actuales.&nbsp;<\/p>\n\n\n\n<p>ES UN GRUPO DE PRESI\u00d3N, NO UN GREMIO&nbsp;<\/p>\n\n\n\n<p>Fallan quienes intentan entender a la Secci\u00f3n 22, o a la Coordinadora, s\u00f3lo como un sindicato m\u00e1s. Lo son, de hecho. Pero son mucho m\u00e1s: ellos se asumen como una representaci\u00f3n viva y leg\u00edtima de la lucha social, y por eso respaldan \u2014y son respaldados\u2014 por la gran mayor\u00eda de las organizaciones y grupos de lucha social, en todas sus expresiones. Hist\u00f3ricamente, el hecho de que exista por lo menos un profesor de educaci\u00f3n b\u00e1sica en cada poblaci\u00f3n de este pa\u00eds, los hace ser \u2014y sentirse\u2014 una red con capacidad de incidir en todos los problemas de una comunidad. Por eso los maestros se asumen lo mismo como representantes de un sector, que como l\u00edderes comunitarios, dirigentes pol\u00edticos y luchadores sociales. Sus miras est\u00e1n mucho m\u00e1s lejos que s\u00f3lo los asuntos relacionados con las aulas o las comunidades escolares.&nbsp;<\/p>\n\n\n\n<p>CAPACIDAD DE MOVILIZACI\u00d3N&nbsp;<\/p>\n\n\n\n<p>Los integrantes de la Secci\u00f3n 22 del SNTE \u2014que est\u00e1n adheridos a la Coordinadora Nacional de Trabajadores de la Educaci\u00f3n, que es una expresi\u00f3n pol\u00edtica al interior del gremio magisterial\u2014, poseen la m\u00e1s sofisticada capacidad de movilizaci\u00f3n probablemente en todo el pa\u00eds. A los maestros oaxaque\u00f1os, y a sus pares de Michoac\u00e1n, Guerrero, Chiapas y sectores del Valle de M\u00e9xico, no los amedrenta la movilizaci\u00f3n masiva; los traslados multitudinarios, los plantones y la toma de vialidades. Lo hacen, sin aspavientos, lo mismo en Oaxaca que en la Ciudad de M\u00e9xico logrando una gran capacidad de paralizaci\u00f3n de las actividades de donde se proponen. No los para la lluvia, ni el calor intenso y, muy probablemente ninguna condici\u00f3n meteorol\u00f3gica o de la naturaleza, y tampoco las amenazas o los condicionamientos pol\u00edticos.&nbsp;<\/p>\n\n\n\n<p>AFINIDADES POL\u00cdTICAS&nbsp;<\/p>\n\n\n\n<p>Algo que hoy debe quedar claro es que el magisterio es obradorista, y que la 4T actualmente no necesariamente lo es. Los profesores adheridos a la CNTE fueron de los m\u00e1s denodados promotores del voto a favor del presidente Andr\u00e9s Manuel L\u00f3pez Obrador. \u00c9l los recompens\u00f3 sobradamente con reformas y prebendas, a lo que ellos respondieron con un sexenio de paz. Salvo hechos aislados, el magisterio democr\u00e1tico no se moviliz\u00f3 en el periodo 2018-2024 en el pa\u00eds. Hoy es distinto: si bien gobierna el llamado \u201csegundo piso de la 4T\u201d queda claro que s\u00ed existen distinciones que van m\u00e1s all\u00e1 de lo conceptual. En aquel tiempo, sus lealtades las refrendaron\u2026 de la misma forma que hoy demuestran que aquellos tiempos no son los mismos que los actuales.&nbsp;<\/p>\n\n\n\n<p>VOCACI\u00d3N OPOSITORA<\/p>\n\n\n\n<p>\u00bfC\u00f3mo se lograron vivir seis a\u00f1os de paz entre el Estado mexicano y la Coordinadora? Hay que repasar la relaci\u00f3n AMLO-CNTE. Su forma de apoyo al Presidente fue pasividad. Nunca se declararon \u2014ni lo han sido, ni lo har\u00e1n con nadie\u2014 partidarios del Presidente. Su vocaci\u00f3n es opositora. Ellos siempre van a la cabeza de la contra. Es su raz\u00f3n de ser, y lo que explica sus causas. Algo similar a lo que son muchos de los revolucionarios, hasta que llegan al poder. En su caso, sin embargo, ha habido mucho m\u00e1s pragmatismo pero, acaso, tambi\u00e9n ciertos elementos de congruencia.<\/p>\n\n\n\n<p>HORIZONTALIDAD<\/p>\n\n\n\n<p>Fallar\u00e1n siempre quienes busquen entre las expresiones de la CNTE, a un l\u00edder absoluto. Es parte esencial de su capacidad de supervivencia, y de la forma en que aten\u00faan sus costos. En su idea, para desmovilizarlos tendr\u00edan que detener a todos. Y son cientos de miles. Imposible.&nbsp;<\/p>\n\n\n\n<p>*Abogado y periodista.<\/p>\n\n\n\n<p>@ortizromeroc<\/p>\n\n\n\n<p>@columnaalmargen<\/p>\n\n\n\n<p>Nos leemos en:&nbsp;http:\/\/columnaalmargen.mx<\/p>\n","protected":false},"excerpt":{"rendered":"<p>Adri\u00e1n Ortiz Romero Cuevas* Es imposible entender al magisterio oaxaque\u00f1o adherido a la CNTE como&hellip;<\/p>\n","protected":false},"author":2,"featured_media":67896,"comment_status":"closed","ping_status":"open","sticky":false,"template":"","format":"standard","meta":{"_lmt_disableupdate":"","_lmt_disable":"","_jetpack_memberships_contains_paid_content":false,"footnotes":""},"categories":[456,109],"tags":[],"class_list":["post-80814","post","type-post","status-publish","format-standard","has-post-thumbnail","hentry","category-columna","category-minuto-a-minuto"],"jetpack_featured_media_url":"https:\/\/zonaroja.com.mx\/wp-content\/uploads\/2024\/05\/Opinion-Adrian-Ortiz-Romero-Zona-Roja.jpeg","jetpack_sharing_enabled":true,"_links":{"self":[{"href":"https:\/\/zonaroja.com.mx\/index.php?rest_route=\/wp\/v2\/posts\/80814","targetHints":{"allow":["GET"]}}],"collection":[{"href":"https:\/\/zonaroja.com.mx\/index.php?rest_route=\/wp\/v2\/posts"}],"about":[{"href":"https:\/\/zonaroja.com.mx\/index.php?rest_route=\/wp\/v2\/types\/post"}],"author":[{"embeddable":true,"href":"https:\/\/zonaroja.com.mx\/index.php?rest_route=\/wp\/v2\/users\/2"}],"replies":[{"embeddable":true,"href":"https:\/\/zonaroja.com.mx\/index.php?rest_route=%2Fwp%2Fv2%2Fcomments&post=80814"}],"version-history":[{"count":1,"href":"https:\/\/zonaroja.com.mx\/index.php?rest_route=\/wp\/v2\/posts\/80814\/revisions"}],"predecessor-version":[{"id":80815,"href":"https:\/\/zonaroja.com.mx\/index.php?rest_route=\/wp\/v2\/posts\/80814\/revisions\/80815"}],"wp:featuredmedia":[{"embeddable":true,"href":"https:\/\/zonaroja.com.mx\/index.php?rest_route=\/wp\/v2\/media\/67896"}],"wp:attachment":[{"href":"https:\/\/zonaroja.com.mx\/index.php?rest_route=%2Fwp%2Fv2%2Fmedia&parent=80814"}],"wp:term":[{"taxonomy":"category","embeddable":true,"href":"https:\/\/zonaroja.com.mx\/index.php?rest_route=%2Fwp%2Fv2%2Fcategories&post=80814"},{"taxonomy":"post_tag","embeddable":true,"href":"https:\/\/zonaroja.com.mx\/index.php?rest_route=%2Fwp%2Fv2%2Ftags&post=80814"}],"curies":[{"name":"wp","href":"https:\/\/api.w.org\/{rel}","templated":true}]}}