{"id":80816,"date":"2025-05-29T21:59:17","date_gmt":"2025-05-30T03:59:17","guid":{"rendered":"https:\/\/zonaroja.com.mx\/?p=80816"},"modified":"2025-05-29T21:59:19","modified_gmt":"2025-05-30T03:59:19","slug":"musicos-de-tamaulipas-fuero-secuestrados-y-ejecutados-hay-9-detenidos","status":"publish","type":"post","link":"https:\/\/zonaroja.com.mx\/?p=80816","title":{"rendered":"M\u00fasicos de Tamaulipas fuero secuestrados y ejecutados; hay 9 detenidos"},"content":{"rendered":"\n<p>Redacci\u00f3n\/Zona Roja Cdmx.<\/p>\n\n\n\n<p>Ciudad de M\u00e9xico, a 28 de mayo de 2025.- Autoridades de Tamaulipas informaron que los integrantes del Grupo \u201cFugitivo\u201d, quienes se encuentran en calidad de desaparecidos, fueron privados de su libertad el 25 de mayo.<\/p>\n\n\n\n<p>En conferencia de prensa, el fiscal Irving Barrios inform\u00f3 que, alrededor de las 22:00 horas del pasado domingo, los cuatro m\u00fasicos y el representante fueron privados de su libertad en la colonia Riberas del R\u00edo, en Reynosa, donde hab\u00edan acudido para presentarse en un evento privado.<\/p>\n\n\n\n<p>Posterior a ello fueron trasladados a un predio ubicado en la colonia Aquiles Serd\u00e1n, lugar que es procesado actualmente por servicios periciales para continuar con las indagatorias.<\/p>\n\n\n\n<p>\u201cAl momento existen elementos que permiten presumir que es el lugar donde desafortunadamente fueron privados de la vida\u201d, indic\u00f3 el fiscal este jueves.<\/p>\n\n\n\n<p>Agreg\u00f3 que en ese predio fueron detenidos nueve individuos que presuntamente est\u00e1n relacionados a los hechos. De acuerdo con el fiscal, dichos sujetos forman parte de una facci\u00f3n del C\u00e1rtel del Golfo conocida como Los Metros.<\/p>\n\n\n\n<p>En estas acciones tambi\u00e9n se aseguraron nueve armas de fuego y dos veh\u00edculos. En tanto, el lugar del hallazgo sigue siendo procesado para identificar las posibles causas de estos hechos.<\/p>\n\n\n\n<p>\u201cEl lugar del hallazgo sigue siendo procesado a fin de localizar los indicios que permitan establecer t\u00e9cnica y cient\u00edficamente el m\u00f3vil y las circunstancias de c\u00f3mo fueron privados de la vida los integrantes del grupo musical Fugitivo\u201d, se\u00f1al\u00f3 el fiscal.<\/p>\n\n\n\n<p>DESCARTAN MUERTES<\/p>\n\n\n\n<p>Pese a las declaraciones del fiscal Irving Barrios, familiares de los m\u00fasicos han descartado su muerte, por lo que aseguran que el operativo de b\u00fasqueda a\u00fan continua para dar con su paradero.<\/p>\n\n\n\n<p>A la par de la rueda de prensa encabezada por la Fiscal\u00eda estatal, una familiar de V\u00edctor Manuel Garza Cervantes (uno de los m\u00fasicos desaparecidos) inform\u00f3 que hasta el momento no se ha confirmado su muerte.<\/p>\n\n\n\n<p>\u201cNo hay nada confirmado respecto a los cuerpos de nuestros familiares (&#8230;) Han afirmado, por medio de una p\u00e1gina oficial, de que ya se encontraron los cuerpos. Pero la realidad es que si fuera as\u00ed, los primeros con los que se hubieran comunicado ser\u00eda nostros. No perdemos la fe de encontrarlos. Vamos a seguir busc\u00e1ndolos\u201d, se\u00f1al\u00f3 la mujer mediante una transmisi\u00f3n en vivo v\u00eda Facebook.<\/p>\n\n\n\n<p>\u201cNi siquiera tenemos pruebas de ADN de nuestros familiares. Para confirmar (su posible muerte) necesitamos tener las pruebas\u201d, asever\u00f3 otra de las familiares. Por su parte, la madre de Francisco Xavier V\u00e1zquez Osorio indic\u00f3 que la Fiscal\u00eda estatal no ha establecido contacto con ellas.<\/p>\n\n\n\n<p>\u201cLa Fiscal\u00eda del Estado de Tamaulipas est\u00e1 haciendo una rueda de prensa y dice que es verdad que ya los encontraron. Ellos con nosotros no se han manifestado. No nos han dicho nada (&#8230;) Tienen a nueve personas detenidas. Nosotros seguimos en la b\u00fasqueda\u201d, expres\u00f3 en el video referido.<\/p>\n\n\n\n<p>Los integrantes del Grupo Fugitivo que cuentan con fichas de b\u00fasqueda son: V\u00edctor Manuel Garza Cervantes (21 a\u00f1os), Francisco Xavier V\u00e1zquez Osorio (20), Nemesio Antonio Dur\u00e1n Rodr\u00edguez (40), Jos\u00e9 Francisco Morales Mart\u00ednez (23) y Livian Edyberto Sol\u00eds de la Rosa (identificado como representante de los m\u00fasicos).<\/p>\n\n\n\n<p>(Informaci\u00f3n de Infobae M\u00e9xico)<\/p>\n","protected":false},"excerpt":{"rendered":"<p>Redacci\u00f3n\/Zona Roja Cdmx. Ciudad de M\u00e9xico, a 28 de mayo de 2025.- Autoridades de Tamaulipas&hellip;<\/p>\n","protected":false},"author":2,"featured_media":80819,"comment_status":"closed","ping_status":"open","sticky":false,"template":"","format":"standard","meta":{"_lmt_disableupdate":"","_lmt_disable":"","_jetpack_memberships_contains_paid_content":false,"footnotes":""},"categories":[109,47],"tags":[4321],"class_list":["post-80816","post","type-post","status-publish","format-standard","has-post-thumbnail","hentry","category-minuto-a-minuto","category-zona-gris","tag-grupo-fugitivo-reynosa"],"jetpack_featured_media_url":"https:\/\/zonaroja.com.mx\/wp-content\/uploads\/2025\/05\/Cuerpos-grupo-fugitivo.jpg","jetpack_sharing_enabled":true,"_links":{"self":[{"href":"https:\/\/zonaroja.com.mx\/index.php?rest_route=\/wp\/v2\/posts\/80816","targetHints":{"allow":["GET"]}}],"collection":[{"href":"https:\/\/zonaroja.com.mx\/index.php?rest_route=\/wp\/v2\/posts"}],"about":[{"href":"https:\/\/zonaroja.com.mx\/index.php?rest_route=\/wp\/v2\/types\/post"}],"author":[{"embeddable":true,"href":"https:\/\/zonaroja.com.mx\/index.php?rest_route=\/wp\/v2\/users\/2"}],"replies":[{"embeddable":true,"href":"https:\/\/zonaroja.com.mx\/index.php?rest_route=%2Fwp%2Fv2%2Fcomments&post=80816"}],"version-history":[{"count":1,"href":"https:\/\/zonaroja.com.mx\/index.php?rest_route=\/wp\/v2\/posts\/80816\/revisions"}],"predecessor-version":[{"id":80820,"href":"https:\/\/zonaroja.com.mx\/index.php?rest_route=\/wp\/v2\/posts\/80816\/revisions\/80820"}],"wp:featuredmedia":[{"embeddable":true,"href":"https:\/\/zonaroja.com.mx\/index.php?rest_route=\/wp\/v2\/media\/80819"}],"wp:attachment":[{"href":"https:\/\/zonaroja.com.mx\/index.php?rest_route=%2Fwp%2Fv2%2Fmedia&parent=80816"}],"wp:term":[{"taxonomy":"category","embeddable":true,"href":"https:\/\/zonaroja.com.mx\/index.php?rest_route=%2Fwp%2Fv2%2Fcategories&post=80816"},{"taxonomy":"post_tag","embeddable":true,"href":"https:\/\/zonaroja.com.mx\/index.php?rest_route=%2Fwp%2Fv2%2Ftags&post=80816"}],"curies":[{"name":"wp","href":"https:\/\/api.w.org\/{rel}","templated":true}]}}