{"id":80821,"date":"2025-05-29T18:00:00","date_gmt":"2025-05-30T00:00:00","guid":{"rendered":"https:\/\/zonaroja.com.mx\/?p=80821"},"modified":"2025-05-29T22:01:58","modified_gmt":"2025-05-30T04:01:58","slug":"ejecutan-a-individuo-en-juchitan-oaxaca","status":"publish","type":"post","link":"https:\/\/zonaroja.com.mx\/?p=80821","title":{"rendered":"Ejecutan a individuo en Juchit\u00e1n, Oaxaca"},"content":{"rendered":"\n<p>Raymundo Morales\/Zona Roja.<\/p>\n\n\n\n<p>Oaxaca, Oax., a 29 de mayo de 2025.- Por tercer d\u00eda consecutivo, hay violencia en el municipio de Juchit\u00e1n de Zaragoza.<\/p>\n\n\n\n<p>Fue en las calles de Presidente Benito Ju\u00e1rez de la colonia Los Pinos en que ejecutaron a un individuo, de oficio mototaxista.<\/p>\n\n\n\n<p>Sujetos armados acribillaron a quien fue identificado como Armando R., alias \u201cEl Pollo\u201d, junto a su unidad de motor, mientras la polic\u00eda municipal se encontraba ausente de la zona.<\/p>\n\n\n\n<p>De manera preliminar se inform\u00f3 que se trata de un dirigente del grupo de transportistas \u201cOmisa Mototaxis\u201d y fue ultimado mientras conduc\u00eda su mototaxi.<\/p>\n\n\n\n<p>Param\u00e9dicos del Heroico Cuerpo de Bomberos arribaron al sitio para brindarle los primeros auxilios, pero corroboraron que ya no contaba con signos vitales.<\/p>\n\n\n\n<p>Los uniformados de dicho municipio arribaron a la zona pero s\u00f3lo para acordonar la escena del crimen; en tanto, personal de la Fiscal\u00eda General del EStado de Oaxaca, dependiente de la Vicefiscal\u00eda Regional del Istmo, inici\u00f3 las indagatorias correspondientes.<\/p>\n\n\n\n<p>Tanto el mi\u00e9rcoles como el martes se registraron ataques armados contra domicilios, sin v\u00edctimas, ademas del incendio de un mototaxi, sin que la autoridad que encabeza el edil Miguel S\u00e1nchez Altamirano ponga freno a la violencia.&nbsp;<\/p>\n\n\n\n<p><\/p>\n","protected":false},"excerpt":{"rendered":"<p>Raymundo Morales\/Zona Roja. Oaxaca, Oax., a 29 de mayo de 2025.- Por tercer d\u00eda consecutivo,&hellip;<\/p>\n","protected":false},"author":2,"featured_media":80818,"comment_status":"closed","ping_status":"open","sticky":false,"template":"","format":"standard","meta":{"_lmt_disableupdate":"","_lmt_disable":"","_jetpack_memberships_contains_paid_content":false,"footnotes":""},"categories":[109,51],"tags":[123],"class_list":["post-80821","post","type-post","status-publish","format-standard","has-post-thumbnail","hentry","category-minuto-a-minuto","category-zona-roja","tag-juchitan-de-zaragoza"],"jetpack_featured_media_url":"https:\/\/zonaroja.com.mx\/wp-content\/uploads\/2025\/05\/Ejecutado-mototaxista-Juchitan.jpeg","jetpack_sharing_enabled":true,"_links":{"self":[{"href":"https:\/\/zonaroja.com.mx\/index.php?rest_route=\/wp\/v2\/posts\/80821","targetHints":{"allow":["GET"]}}],"collection":[{"href":"https:\/\/zonaroja.com.mx\/index.php?rest_route=\/wp\/v2\/posts"}],"about":[{"href":"https:\/\/zonaroja.com.mx\/index.php?rest_route=\/wp\/v2\/types\/post"}],"author":[{"embeddable":true,"href":"https:\/\/zonaroja.com.mx\/index.php?rest_route=\/wp\/v2\/users\/2"}],"replies":[{"embeddable":true,"href":"https:\/\/zonaroja.com.mx\/index.php?rest_route=%2Fwp%2Fv2%2Fcomments&post=80821"}],"version-history":[{"count":1,"href":"https:\/\/zonaroja.com.mx\/index.php?rest_route=\/wp\/v2\/posts\/80821\/revisions"}],"predecessor-version":[{"id":80822,"href":"https:\/\/zonaroja.com.mx\/index.php?rest_route=\/wp\/v2\/posts\/80821\/revisions\/80822"}],"wp:featuredmedia":[{"embeddable":true,"href":"https:\/\/zonaroja.com.mx\/index.php?rest_route=\/wp\/v2\/media\/80818"}],"wp:attachment":[{"href":"https:\/\/zonaroja.com.mx\/index.php?rest_route=%2Fwp%2Fv2%2Fmedia&parent=80821"}],"wp:term":[{"taxonomy":"category","embeddable":true,"href":"https:\/\/zonaroja.com.mx\/index.php?rest_route=%2Fwp%2Fv2%2Fcategories&post=80821"},{"taxonomy":"post_tag","embeddable":true,"href":"https:\/\/zonaroja.com.mx\/index.php?rest_route=%2Fwp%2Fv2%2Ftags&post=80821"}],"curies":[{"name":"wp","href":"https:\/\/api.w.org\/{rel}","templated":true}]}}