{"id":80823,"date":"2025-05-29T09:02:00","date_gmt":"2025-05-29T15:02:00","guid":{"rendered":"https:\/\/zonaroja.com.mx\/?p=80823"},"modified":"2025-05-29T22:05:20","modified_gmt":"2025-05-30T04:05:20","slug":"asesinan-comerciante-en-ocotlan-y-a-empresario-en-matias-romero","status":"publish","type":"post","link":"https:\/\/zonaroja.com.mx\/?p=80823","title":{"rendered":"Asesinan comerciante en Ocotl\u00e1n y a empresario en Mat\u00edas Romero"},"content":{"rendered":"\n<p>Raymundo Morales\/Zona Roja.<\/p>\n\n\n\n<p>Oaxaca, Oax., a 29 de mayo de 2027.- Un comerciante fue asesinado la ma\u00f1ana de este jueves en Ocotl\u00e1n de Morelos, municipio de la regi\u00f3n Valles Centrales.<\/p>\n\n\n\n<p>La v\u00edctima, identificada como Ramiro G. L., de 56 a\u00f1os de edad, se trasladaba a bordo de su camioneta cuando fue acribillado, cerca del Centro de Bachillerato Tecnol\u00f3gico, Industrial y de Servicios.<\/p>\n\n\n\n<p>Hasta el momento no se ha dado con el paradero del o de los autores del crimen y polic\u00edas estatales implementan patrullajes de b\u00fasqueda.<\/p>\n\n\n\n<p>Mientras tanto, ayer por la madrugada fue localizado un cuerpo sin vida a un costado de la carretera federal Trans\u00edstmica, inmediaciones de la localidad de Mazahua, perteneciente al municipio de Asunci\u00f3n Ixtaltepec, en la regi\u00f3n del Istmo.<\/p>\n\n\n\n<p>El hoy occiso respondi\u00f3 en vida al nombre de Justino R. M., due\u00f1o de una empresa de gr\u00faas quien, de acuerdo con versiones extraoficiales, fue secuestrado hace dos d\u00edas en Mat\u00edas Romero.<\/p>\n\n\n\n<p>Por otra parte, ayer por segundo d\u00eda se registr\u00f3 un ataque armado en contra de un domicilio, en el municipio de Juchit\u00e1n de Zaragoza.<\/p>\n\n\n\n<p>Fue en la tarde en la colonia San Vicente, donde no se registraron v\u00edctimas, pero hasta el momento la polic\u00eda municipal no ha efectuado ninguna detenci\u00f3n.<\/p>\n\n\n\n<p>En tanto que tambi\u00e9n este mi\u00e9rcoles pero por la noche en el municipio de Salina Cruz, ocurri\u00f3 una balacera, en la colonia San Pablo Norte.<\/p>\n\n\n\n<p>Corporaciones de seguridad de los tres niveles de gobierno llegaron a la zona pero no se hall\u00f3 ninguna persona lesionada o fallecida.<\/p>\n","protected":false},"excerpt":{"rendered":"<p>Raymundo Morales\/Zona Roja. Oaxaca, Oax., a 29 de mayo de 2027.- Un comerciante fue asesinado&hellip;<\/p>\n","protected":false},"author":2,"featured_media":80817,"comment_status":"closed","ping_status":"open","sticky":false,"template":"","format":"standard","meta":{"_lmt_disableupdate":"","_lmt_disable":"","_jetpack_memberships_contains_paid_content":false,"footnotes":""},"categories":[109,51],"tags":[835],"class_list":["post-80823","post","type-post","status-publish","format-standard","has-post-thumbnail","hentry","category-minuto-a-minuto","category-zona-roja","tag-ocotlan-de-morelos"],"jetpack_featured_media_url":"https:\/\/zonaroja.com.mx\/wp-content\/uploads\/2025\/05\/ASesinato-Ocotlan-.jpeg","jetpack_sharing_enabled":true,"_links":{"self":[{"href":"https:\/\/zonaroja.com.mx\/index.php?rest_route=\/wp\/v2\/posts\/80823","targetHints":{"allow":["GET"]}}],"collection":[{"href":"https:\/\/zonaroja.com.mx\/index.php?rest_route=\/wp\/v2\/posts"}],"about":[{"href":"https:\/\/zonaroja.com.mx\/index.php?rest_route=\/wp\/v2\/types\/post"}],"author":[{"embeddable":true,"href":"https:\/\/zonaroja.com.mx\/index.php?rest_route=\/wp\/v2\/users\/2"}],"replies":[{"embeddable":true,"href":"https:\/\/zonaroja.com.mx\/index.php?rest_route=%2Fwp%2Fv2%2Fcomments&post=80823"}],"version-history":[{"count":1,"href":"https:\/\/zonaroja.com.mx\/index.php?rest_route=\/wp\/v2\/posts\/80823\/revisions"}],"predecessor-version":[{"id":80824,"href":"https:\/\/zonaroja.com.mx\/index.php?rest_route=\/wp\/v2\/posts\/80823\/revisions\/80824"}],"wp:featuredmedia":[{"embeddable":true,"href":"https:\/\/zonaroja.com.mx\/index.php?rest_route=\/wp\/v2\/media\/80817"}],"wp:attachment":[{"href":"https:\/\/zonaroja.com.mx\/index.php?rest_route=%2Fwp%2Fv2%2Fmedia&parent=80823"}],"wp:term":[{"taxonomy":"category","embeddable":true,"href":"https:\/\/zonaroja.com.mx\/index.php?rest_route=%2Fwp%2Fv2%2Fcategories&post=80823"},{"taxonomy":"post_tag","embeddable":true,"href":"https:\/\/zonaroja.com.mx\/index.php?rest_route=%2Fwp%2Fv2%2Ftags&post=80823"}],"curies":[{"name":"wp","href":"https:\/\/api.w.org\/{rel}","templated":true}]}}