{"id":80825,"date":"2025-05-30T06:57:28","date_gmt":"2025-05-30T12:57:28","guid":{"rendered":"https:\/\/zonaroja.com.mx\/?p=80825"},"modified":"2025-05-30T06:57:30","modified_gmt":"2025-05-30T12:57:30","slug":"magisterio-consulta-a-las-bases-para-decidir-si-sigue-o-levantan-paro","status":"publish","type":"post","link":"https:\/\/zonaroja.com.mx\/?p=80825","title":{"rendered":"Magisterio consulta a las bases para decidir si sigue o levantan paro"},"content":{"rendered":"\n<p>Ismael Garc\u00eda M.\/Zona Roja.<\/p>\n\n\n\n<p>Oaxaca, Oax., a 30 de mayo de 2025.- La Asamblea Nacional Representativa determin\u00f3 consultar a partir de hoy a las bases magisteriales de la CNTE si contin\u00faa o se levanta el paro de labores, as\u00ed como el \u201cplant\u00f3n\u201d en la Ciudad de M\u00e9xico, iniciado el pasado 15 de mayo.<\/p>\n\n\n\n<p>Ayer se efectu\u00f3 la reuni\u00f3n de los dirigentes de las secciones sindicales de Oaxaca, Ciudad de M\u00e9xico, Michoac\u00e1n, Guerrero, Chiapas, entre otras, aglutinadas en la Coordinadora Nacional de Trabajadores de la Educaci\u00f3n, que acord\u00f3 reforzar las movilizaciones en la capital del pa\u00eds.<\/p>\n\n\n\n<p>Entre otros acuerdos dados a conocer destacan la firme exigencia de una mesa de alto nivel resolutiva con la Presidenta de la Rep\u00fablica, Claudia Sheinbaum; la abrogaci\u00f3n de la ley del ISSSTE del 2007 y la reforma educativa del 2016.<\/p>\n\n\n\n<p>Asimismo \u201cincremento salarial justo\u201d, pese a que el gobierno federal ha autorizado un aumento del nueve por ciento al salario, y uno por ciento m\u00e1s a partir de septiembre pr\u00f3ximo.<\/p>\n\n\n\n<p>\u201cSe acuerda el fortalecimiento del plant\u00f3n en el z\u00f3calo de Cdmx, en el marco de la huelga nacional, con participaci\u00f3n de todos los contingentes. Se construir\u00e1 un documento \u00fanico de consulta a las bases para analizar la respuesta del Gobierno Federal\u201d, destac\u00f3.<\/p>\n\n\n\n<p>La Asamblea Nacional convino asimismo realizar movilizaciones este viernes en conjunto con las organizaciones sociales y exigir a las autoridades respeto a las movilizaciones y la libertad de expresi\u00f3n.<\/p>\n\n\n\n<p>El m\u00e1ximo organismo de decisi\u00f3n de la CNTE se volver\u00e1 a reunirse ma\u00f1ana s\u00e1bado, en que analizar\u00e1n si se impulsa el boicot a las elecciones del Poder Judicial del pr\u00f3ximo domingo 1 de junio.<\/p>\n\n\n\n<p>Por su parte, la Secci\u00f3n 22 del SNTE reanudar\u00e1 este viernes su Asamblea Estatal, en que analizar\u00e1 las respuestas del gobierno estatal respecto a su pliego petitorio.<\/p>\n\n\n\n<p>Mientras que en la capital oaxaque\u00f1a, las organizaciones sociales realizar\u00e1n una marcha masiva en respaldo al magisterio de Oaxaca, que este viernes cumple 16 d\u00edas de paro de labores educativas, en perjuicio de m\u00e1s de 800 mil alumnos.<\/p>\n","protected":false},"excerpt":{"rendered":"<p>Ismael Garc\u00eda M.\/Zona Roja. Oaxaca, Oax., a 30 de mayo de 2025.- La Asamblea Nacional&hellip;<\/p>\n","protected":false},"author":2,"featured_media":80731,"comment_status":"closed","ping_status":"open","sticky":false,"template":"","format":"standard","meta":{"_lmt_disableupdate":"","_lmt_disable":"","_jetpack_memberships_contains_paid_content":false,"footnotes":""},"categories":[109,47],"tags":[312],"class_list":["post-80825","post","type-post","status-publish","format-standard","has-post-thumbnail","hentry","category-minuto-a-minuto","category-zona-gris","tag-seccion-22-del-snte"],"jetpack_featured_media_url":"https:\/\/zonaroja.com.mx\/wp-content\/uploads\/2025\/05\/CNTE-Coordinadora-Nacional-.jpg","jetpack_sharing_enabled":true,"_links":{"self":[{"href":"https:\/\/zonaroja.com.mx\/index.php?rest_route=\/wp\/v2\/posts\/80825","targetHints":{"allow":["GET"]}}],"collection":[{"href":"https:\/\/zonaroja.com.mx\/index.php?rest_route=\/wp\/v2\/posts"}],"about":[{"href":"https:\/\/zonaroja.com.mx\/index.php?rest_route=\/wp\/v2\/types\/post"}],"author":[{"embeddable":true,"href":"https:\/\/zonaroja.com.mx\/index.php?rest_route=\/wp\/v2\/users\/2"}],"replies":[{"embeddable":true,"href":"https:\/\/zonaroja.com.mx\/index.php?rest_route=%2Fwp%2Fv2%2Fcomments&post=80825"}],"version-history":[{"count":1,"href":"https:\/\/zonaroja.com.mx\/index.php?rest_route=\/wp\/v2\/posts\/80825\/revisions"}],"predecessor-version":[{"id":80826,"href":"https:\/\/zonaroja.com.mx\/index.php?rest_route=\/wp\/v2\/posts\/80825\/revisions\/80826"}],"wp:featuredmedia":[{"embeddable":true,"href":"https:\/\/zonaroja.com.mx\/index.php?rest_route=\/wp\/v2\/media\/80731"}],"wp:attachment":[{"href":"https:\/\/zonaroja.com.mx\/index.php?rest_route=%2Fwp%2Fv2%2Fmedia&parent=80825"}],"wp:term":[{"taxonomy":"category","embeddable":true,"href":"https:\/\/zonaroja.com.mx\/index.php?rest_route=%2Fwp%2Fv2%2Fcategories&post=80825"},{"taxonomy":"post_tag","embeddable":true,"href":"https:\/\/zonaroja.com.mx\/index.php?rest_route=%2Fwp%2Fv2%2Ftags&post=80825"}],"curies":[{"name":"wp","href":"https:\/\/api.w.org\/{rel}","templated":true}]}}