{"id":80827,"date":"2025-05-30T08:15:00","date_gmt":"2025-05-30T14:15:00","guid":{"rendered":"https:\/\/zonaroja.com.mx\/?p=80827"},"modified":"2025-05-30T07:22:17","modified_gmt":"2025-05-30T13:22:17","slug":"istmo-violento-matan-a-individuo-en-tehuantepec","status":"publish","type":"post","link":"https:\/\/zonaroja.com.mx\/?p=80827","title":{"rendered":"Istmo violento: matan a individuo en Tehuantepec\u00a0"},"content":{"rendered":"\n<p>Raymundo Morales\/Zona Roja.<\/p>\n\n\n\n<p>Oaxaca, Oax., a 30 de mayo de 2025.- La violencia no cesa en la regi\u00f3n del Istmo y ayer se registraron dos asesinatos, el m\u00e1s reciente en Santo Domingo Tehuantepec.<\/p>\n\n\n\n<p>Anoche, en la colonia Benito Ju\u00e1rez, un individuo ejecutado a balazos cuando transitaba a bordo de su motocicleta en la calle Cuauht\u00e9moc.<\/p>\n\n\n\n<p>Hasta el momento la v\u00edctima no ha sido identificada y personal de la Vicefiscal\u00eda Regional del Istmo inicio las indagatorias pertinentes.<\/p>\n\n\n\n<p>Horas antes, en la colonia Los Pinos de Juchit\u00e1n de Zaragoza, fue ultimado a balazos un individuo que viajaba a bordo de su mototaxi.<\/p>\n\n\n\n<p>Fue identificado como Armando R. y hasta el momento se desconoce el m\u00f3vil del crimen.<\/p>\n\n\n\n<p>Mientras tanto, continuan las investigaciones respecto a un homicidio cometido la noche del martes en el municipio de Villa de San Blas Atempa, colindante con Tehuantepec.<\/p>\n\n\n\n<p>Fue en la agencia de Monte Grande en que localizaron el cuerpo sin vida del se\u00f1or Jos\u00e9 M. G., de 48 a\u00f1os de edad, quien presentaba varios lesiones producidas por arma blanca.<\/p>\n\n\n\n<p>A\u00fan se desconocen las causas del homicidio y se indaga un posible asalto; los vecinos de la zona tampoco han proporcionado mayores datos para esclarecer el crimen.<\/p>\n","protected":false},"excerpt":{"rendered":"<p>Raymundo Morales\/Zona Roja. Oaxaca, Oax., a 30 de mayo de 2025.- La violencia no cesa&hellip;<\/p>\n","protected":false},"author":2,"featured_media":80828,"comment_status":"closed","ping_status":"open","sticky":false,"template":"","format":"standard","meta":{"_lmt_disableupdate":"","_lmt_disable":"","_jetpack_memberships_contains_paid_content":false,"footnotes":""},"categories":[109,51],"tags":[533],"class_list":["post-80827","post","type-post","status-publish","format-standard","has-post-thumbnail","hentry","category-minuto-a-minuto","category-zona-roja","tag-asesinado-en-tehuantepec"],"jetpack_featured_media_url":"https:\/\/zonaroja.com.mx\/wp-content\/uploads\/2025\/05\/Ejecutado-en-Tehuantepec.jpeg","jetpack_sharing_enabled":true,"_links":{"self":[{"href":"https:\/\/zonaroja.com.mx\/index.php?rest_route=\/wp\/v2\/posts\/80827","targetHints":{"allow":["GET"]}}],"collection":[{"href":"https:\/\/zonaroja.com.mx\/index.php?rest_route=\/wp\/v2\/posts"}],"about":[{"href":"https:\/\/zonaroja.com.mx\/index.php?rest_route=\/wp\/v2\/types\/post"}],"author":[{"embeddable":true,"href":"https:\/\/zonaroja.com.mx\/index.php?rest_route=\/wp\/v2\/users\/2"}],"replies":[{"embeddable":true,"href":"https:\/\/zonaroja.com.mx\/index.php?rest_route=%2Fwp%2Fv2%2Fcomments&post=80827"}],"version-history":[{"count":1,"href":"https:\/\/zonaroja.com.mx\/index.php?rest_route=\/wp\/v2\/posts\/80827\/revisions"}],"predecessor-version":[{"id":80829,"href":"https:\/\/zonaroja.com.mx\/index.php?rest_route=\/wp\/v2\/posts\/80827\/revisions\/80829"}],"wp:featuredmedia":[{"embeddable":true,"href":"https:\/\/zonaroja.com.mx\/index.php?rest_route=\/wp\/v2\/media\/80828"}],"wp:attachment":[{"href":"https:\/\/zonaroja.com.mx\/index.php?rest_route=%2Fwp%2Fv2%2Fmedia&parent=80827"}],"wp:term":[{"taxonomy":"category","embeddable":true,"href":"https:\/\/zonaroja.com.mx\/index.php?rest_route=%2Fwp%2Fv2%2Fcategories&post=80827"},{"taxonomy":"post_tag","embeddable":true,"href":"https:\/\/zonaroja.com.mx\/index.php?rest_route=%2Fwp%2Fv2%2Ftags&post=80827"}],"curies":[{"name":"wp","href":"https:\/\/api.w.org\/{rel}","templated":true}]}}