{"id":8084,"date":"2020-01-26T15:09:23","date_gmt":"2020-01-26T21:09:23","guid":{"rendered":"http:\/\/www.zonaroja.com.mx\/?p=8084"},"modified":"2020-01-26T15:09:28","modified_gmt":"2020-01-26T21:09:28","slug":"condena-ddhpo-asesinato-de-madre-e-hijas-en-ixtayutla-urge-a-fortalecer-seguridad","status":"publish","type":"post","link":"https:\/\/zonaroja.com.mx\/?p=8084","title":{"rendered":"Condena DDHPO asesinato de madre e hijas en Ixtayutla; urge a fortalecer seguridad"},"content":{"rendered":"\n<p>Redacci\u00f3n\/Zona Roja.<\/p>\n\n\n\n<p>Oaxaca de Ju\u00e1rez, Oax., 26 de enero de\n2020.- La Defensor\u00eda de los Derechos Humanos del Pueblo de Oaxaca (DDHPO)\nconden\u00f3 el asesinato de dos ni\u00f1as y su madre al interior de su vivienda ubicada\nen la localidad de El Huamuche, Santiago Ixtayutla, la tarde de ayer s\u00e1bado.<\/p>\n\n\n\n<p>En un comunicado, exigi\u00f3 a las\nautoridades una investigaci\u00f3n eficiente y expedita, as\u00ed como la creaci\u00f3n de un\nenfoque de seguridad que atienda de manera integral la problem\u00e1tica de la\nviolencia.<\/p>\n\n\n\n<p>\u201cY es que la sociedad oaxaque\u00f1a, desde\nhace unos a\u00f1os, hace frente a un contexto de homicidios, incursiones de grupos\narmados, localizaci\u00f3n de fosas clandestinas, desapariciones, entre otros\ndelitos de alto impacto, principalmente en las regiones de la Cuenca, el Istmo\ny la Costa\u201d, a\u00f1adi\u00f3.<\/p>\n\n\n\n<p>Ante ello, el ombudsman, Bernardo\nRodr\u00edguez Alamilla, urgi\u00f3 la formulaci\u00f3n de un nuevo paradigma de seguridad\nintegral en todo el pa\u00eds, con visi\u00f3n democr\u00e1tica, en el cual el fundamento y la\nraz\u00f3n de la seguridad sean la protecci\u00f3n de las personas.<\/p>\n\n\n\n<p>\u201cSi bien es cierto &nbsp;que para disminuir la inseguridad en el estado\nes fundamental reducir los niveles de impunidad, tambi\u00e9n lo es transitar de un\nenfoque centralizado o tradicional, hacia uno descentralizado o participativo,\nen el que se pase de una respuesta tradicional basada solamente en la justicia\npenal, hacia otra en la que se mitiguen las desigualdades sociales, se recupere\nla confianza de la poblaci\u00f3n en sus instituciones y se&nbsp; fortalezca o reconstruya el tejido social de\nnuestras comunidades\u201d, expuso.<\/p>\n\n\n\n<p>El nuevo enfoque, indic\u00f3, tambi\u00e9n\npropone fortalecer los factores de protecci\u00f3n y disminuir los factores de\nriesgo, para que las intervenciones se realicen en grupos de individuos o\nterritorios delimitados por sus condiciones particulares de criminalidad&nbsp; y vulnerabilidad ante la violencia y el\ndelito.<\/p>\n\n\n\n<p>\u201cAdem\u00e1s de que considere a las ni\u00f1as y\nmujeres como colectivos sobre los que hist\u00f3ricamente han reca\u00eddo m\u00faltiples\nformas de violencia que se comunican y refuerzan desde el nivel estructural\nhasta el individual, por lo que se requiere incorporar un enfoque de g\u00e9nero en\nlas pol\u00edticas e instituciones de seguridad y justicia\u201d, recalc\u00f3.<\/p>\n\n\n\n<p>Todo lo anterior, apunt\u00f3, implica la\nparticipaci\u00f3n de la ciudadan\u00eda como un elemento clave en cualquier esquema de\nseguridad ciudadana, pues es el principio y fin de dicha acci\u00f3n y por ello el\nleg\u00edtimo responsable de&nbsp; evaluar las\nestrategias encaminadas a prevenir la violencia y el delito en nuestras\ncomunidades.<\/p>\n\n\n\n<p>Asimismo, el \u00f3rgano aut\u00f3nomo abri\u00f3 el\nCuaderno de Antecedentes DDHPO\/CA\/0038\/(09)\/OAX\/2020, al tener conocimiento del\nasesinato de dos ni\u00f1as y su madre al interior de su vivienda en Santiago Ixtayutla,<\/p>\n\n\n\n<p>A trav\u00e9s de dicho instrumento, solicit\u00f3\ninformaci\u00f3n a la Fiscal\u00eda General de Justicia del Estado de Oaxaca se lleven a\ncabo las investigaciones correspondientes, as\u00ed tambi\u00e9n a la Secretar\u00eda de\nSeguridad P\u00fablica, realice acciones tendientes a garantizar la seguridad de la\npoblaci\u00f3n.<\/p>\n\n\n\n<p>Y solicit\u00f3 v\u00eda colaboraci\u00f3n al\nInstituto Mexicano del Seguro Social (IMSS) se brinde atenci\u00f3n a las personas\nque resultaron lesionadas por el ataque armado.<\/p>\n","protected":false},"excerpt":{"rendered":"<p>Redacci\u00f3n\/Zona Roja. Oaxaca de Ju\u00e1rez, Oax., 26 de enero de 2020.- La Defensor\u00eda de los&hellip;<\/p>\n","protected":false},"author":2,"featured_media":8085,"comment_status":"closed","ping_status":"open","sticky":false,"template":"","format":"standard","meta":{"_lmt_disableupdate":"","_lmt_disable":"","_jetpack_memberships_contains_paid_content":false,"footnotes":""},"categories":[109,51],"tags":[286,1321],"class_list":["post-8084","post","type-post","status-publish","format-standard","has-post-thumbnail","hentry","category-minuto-a-minuto","category-zona-roja","tag-defensoria-de-los-derechos-humanos-del-pueblo-de-oaxaca","tag-el-huamuche-santiago-ixtayutla"],"jetpack_featured_media_url":"https:\/\/zonaroja.com.mx\/wp-content\/uploads\/2020\/01\/26-enero-Condena-DDHPO-asesinato-de-madre-e-hijas-en-la-Costa.jpg","jetpack_sharing_enabled":true,"_links":{"self":[{"href":"https:\/\/zonaroja.com.mx\/index.php?rest_route=\/wp\/v2\/posts\/8084","targetHints":{"allow":["GET"]}}],"collection":[{"href":"https:\/\/zonaroja.com.mx\/index.php?rest_route=\/wp\/v2\/posts"}],"about":[{"href":"https:\/\/zonaroja.com.mx\/index.php?rest_route=\/wp\/v2\/types\/post"}],"author":[{"embeddable":true,"href":"https:\/\/zonaroja.com.mx\/index.php?rest_route=\/wp\/v2\/users\/2"}],"replies":[{"embeddable":true,"href":"https:\/\/zonaroja.com.mx\/index.php?rest_route=%2Fwp%2Fv2%2Fcomments&post=8084"}],"version-history":[{"count":1,"href":"https:\/\/zonaroja.com.mx\/index.php?rest_route=\/wp\/v2\/posts\/8084\/revisions"}],"predecessor-version":[{"id":8086,"href":"https:\/\/zonaroja.com.mx\/index.php?rest_route=\/wp\/v2\/posts\/8084\/revisions\/8086"}],"wp:featuredmedia":[{"embeddable":true,"href":"https:\/\/zonaroja.com.mx\/index.php?rest_route=\/wp\/v2\/media\/8085"}],"wp:attachment":[{"href":"https:\/\/zonaroja.com.mx\/index.php?rest_route=%2Fwp%2Fv2%2Fmedia&parent=8084"}],"wp:term":[{"taxonomy":"category","embeddable":true,"href":"https:\/\/zonaroja.com.mx\/index.php?rest_route=%2Fwp%2Fv2%2Fcategories&post=8084"},{"taxonomy":"post_tag","embeddable":true,"href":"https:\/\/zonaroja.com.mx\/index.php?rest_route=%2Fwp%2Fv2%2Ftags&post=8084"}],"curies":[{"name":"wp","href":"https:\/\/api.w.org\/{rel}","templated":true}]}}