{"id":80860,"date":"2025-05-31T08:45:00","date_gmt":"2025-05-31T14:45:00","guid":{"rendered":"https:\/\/zonaroja.com.mx\/?p=80860"},"modified":"2025-05-31T11:43:07","modified_gmt":"2025-05-31T17:43:07","slug":"asesinan-a-una-mujer-en-la-zona-mazateca-de-oaxaca","status":"publish","type":"post","link":"https:\/\/zonaroja.com.mx\/?p=80860","title":{"rendered":"Asesinan a una mujer en la zona mazateca de Oaxaca"},"content":{"rendered":"\n<p>Ismael Garc\u00eda M.\/Zona Roja.<\/p>\n\n\n\n<p>Oaxaca, Oax., a 31 de gobierno de 2025.- Una joven mujer madre de familia fue asesinada en la comunidad de San Isidro, perteneciente al municipio San Lucas Zoqui\u00e1pam, en la regi\u00f3n Sierra de Flores Mag\u00f3n de Oaxaca.<\/p>\n\n\n\n<p>La v\u00edctima fue identificada como Eliza C. Z., de 28 a\u00f1os de edad, quien dej\u00f3 en la orfandad a una menor de ocho meses y a otra de seis a\u00f1os de edad.<\/p>\n\n\n\n<p>\u201cNos unimos a la exigencia de la familia de Eliza, madre, hermana, prima, amiga, a quien le fue arrebatada la vida de manera m\u00e1s cobarde. Estamos hartas de tanta violencia y sum\u00e1ndole al dolor.<\/p>\n\n\n\n<p>\u201cEstamos hartas de la poca empat\u00eda de las autoridades; exigimos al presidente municipal Mucio Carrera Hern\u00e1ndez, a los diputados de la regi\u00f3n y a la Fiscal\u00eda General del Estado que tomen cartas en el asunto\u201d, denunci\u00f3 la asociaci\u00f3n \u201cMujeres mazatecas que miran a favor de la tierra\u201d.<\/p>\n\n\n\n<p>A\u00fan se desconoce la forma en que fue asesinada la mujer y hasta el momento no se ha precisado si ya hay alguna persona detenida por este caso.<\/p>\n\n\n\n<p>\u201cHoy lloramos con rabia, con impotencia, con dolor. Pero tambi\u00e9n con fuerza. Porque a Eliza no la mat\u00f3 solo un agresor: la mat\u00f3 un sistema que no protegi\u00f3, que ignor\u00f3 las alertas, que call\u00f3, que permiti\u00f3. La mat\u00f3 la indiferencia. La mat\u00f3 el machismo. Y por eso hoy alzamos la voz.<\/p>\n\n\n\n<p>\u201cSus hijas crecer\u00e1n sin su madre, pero no crecer\u00e1n en el silencio. Les contaremos qui\u00e9n fue su mam\u00e1, c\u00f3mo amaba, c\u00f3mo luchaba, y c\u00f3mo todas nos unimos para exigir justicia por ella.<\/p>\n\n\n\n<p>\u201cNo vamos a descansar hasta que el culpable pague. Hasta que no haya otra Eliza. Hasta que ser mujer no signifique vivir con miedo.\u201d, agreg\u00f3 el organismo civil.<\/p>\n","protected":false},"excerpt":{"rendered":"<p>Ismael Garc\u00eda M.\/Zona Roja. Oaxaca, Oax., a 31 de gobierno de 2025.- Una joven mujer&hellip;<\/p>\n","protected":false},"author":2,"featured_media":80861,"comment_status":"closed","ping_status":"open","sticky":false,"template":"","format":"standard","meta":{"_lmt_disableupdate":"","_lmt_disable":"","_jetpack_memberships_contains_paid_content":false,"footnotes":""},"categories":[109,51],"tags":[610,1157],"class_list":["post-80860","post","type-post","status-publish","format-standard","has-post-thumbnail","hentry","category-minuto-a-minuto","category-zona-roja","tag-feminicidios-oaxaca","tag-san-lucas-zoquiapam"],"jetpack_featured_media_url":"https:\/\/zonaroja.com.mx\/wp-content\/uploads\/2025\/05\/Eliza-asesinada-San-Lucas-Zoquiapam.jpg","jetpack_sharing_enabled":true,"_links":{"self":[{"href":"https:\/\/zonaroja.com.mx\/index.php?rest_route=\/wp\/v2\/posts\/80860","targetHints":{"allow":["GET"]}}],"collection":[{"href":"https:\/\/zonaroja.com.mx\/index.php?rest_route=\/wp\/v2\/posts"}],"about":[{"href":"https:\/\/zonaroja.com.mx\/index.php?rest_route=\/wp\/v2\/types\/post"}],"author":[{"embeddable":true,"href":"https:\/\/zonaroja.com.mx\/index.php?rest_route=\/wp\/v2\/users\/2"}],"replies":[{"embeddable":true,"href":"https:\/\/zonaroja.com.mx\/index.php?rest_route=%2Fwp%2Fv2%2Fcomments&post=80860"}],"version-history":[{"count":2,"href":"https:\/\/zonaroja.com.mx\/index.php?rest_route=\/wp\/v2\/posts\/80860\/revisions"}],"predecessor-version":[{"id":80879,"href":"https:\/\/zonaroja.com.mx\/index.php?rest_route=\/wp\/v2\/posts\/80860\/revisions\/80879"}],"wp:featuredmedia":[{"embeddable":true,"href":"https:\/\/zonaroja.com.mx\/index.php?rest_route=\/wp\/v2\/media\/80861"}],"wp:attachment":[{"href":"https:\/\/zonaroja.com.mx\/index.php?rest_route=%2Fwp%2Fv2%2Fmedia&parent=80860"}],"wp:term":[{"taxonomy":"category","embeddable":true,"href":"https:\/\/zonaroja.com.mx\/index.php?rest_route=%2Fwp%2Fv2%2Fcategories&post=80860"},{"taxonomy":"post_tag","embeddable":true,"href":"https:\/\/zonaroja.com.mx\/index.php?rest_route=%2Fwp%2Fv2%2Ftags&post=80860"}],"curies":[{"name":"wp","href":"https:\/\/api.w.org\/{rel}","templated":true}]}}