{"id":8087,"date":"2020-01-26T20:14:07","date_gmt":"2020-01-27T02:14:07","guid":{"rendered":"http:\/\/www.zonaroja.com.mx\/?p=8087"},"modified":"2020-01-26T20:14:10","modified_gmt":"2020-01-27T02:14:10","slug":"quitan-a-yeidkol-en-morena-ramirez-cuellar-asume-dirigencia-interina","status":"publish","type":"post","link":"https:\/\/zonaroja.com.mx\/?p=8087","title":{"rendered":"Quitan a Yeidkol en Morena; Ram\u00edrez Cu\u00e9llar asume dirigencia interina"},"content":{"rendered":"\n<p>Redacci\u00f3n\/Zona Roja Cdmx.<\/p>\n\n\n\n<p>Ciudad de M\u00e9xico, 26 de enero de 2020.-\nTras el acuerdo del VI Congreso Nacional Extraordinario de Morena, el diputado\nAlfonso Ram\u00edrez Cu\u00e9llar se registr\u00f3 como candidato \u00fanico a la presidencia del\npartido por un periodo de tres a cuatro meses, lo que dejar\u00eda a Yeidckol\nPolevnsky sin el control del partido.<\/p>\n\n\n\n<p>Lo anterior mientras se convoca a un\nproceso interno de elecci\u00f3n de la dirigencia nacional y permita recuperar la\nnormalidad del partido.<\/p>\n\n\n\n<p>\u201cLes reitero mi agradecimiento y de\ninmediato solicitar\u00e9 mi licencia al cargo de diputado. Por encima de las bases,\nnada. La Cuarta Transformaci\u00f3n requiere un partido fuerte y cercano a nuestro\nPresidente\u201d, dijo en medio de una ovaci\u00f3n del pleno.<\/p>\n\n\n\n<p>Luego de que se declar\u00f3 que el Congreso\ns\u00ed logr\u00f3 el qu\u00f3rum requerido, los congresistas avalaron entrar a una discusi\u00f3n,\npresentaci\u00f3n de candidaturas y elecci\u00f3n de un presidente y titulares de las\nsiguientes carteras: Organizaci\u00f3n, Comunicaci\u00f3n, Diversidad, Formaci\u00f3n,\nProducci\u00f3n, Proyecto de naci\u00f3n, Mexicanos en el exterior, Ind\u00edgenas y\nCampesinos<\/p>\n\n\n\n<p>En el encuentro, la presidenta del\nConsejo Nacional, Bertha Luj\u00e1n, cuestion\u00f3 las pr\u00f3rrogas que ha decidido la\nsecretaria general en funciones de presidenta, Yeidckol Polevnsky, para\nmantenerse en el cargo sin atender temas pendientes como el padr\u00f3n electoral y\nla credencializaci\u00f3n de Morena y atender las resoluciones del Tribunal\nElectoral del Poder Judicial de la Federaci\u00f3n.<\/p>\n\n\n\n<p>\u201cFrente a lo que (Polevnsky) difunde en\nsus redes, en la p\u00e1gina de Morena y en el peri\u00f3dico Regeneraci\u00f3n, que debe\noperar una pr\u00f3rroga m\u00e1s, la dirigencia se va a ir al infinito\u201d, dijo en una\ndeclaraci\u00f3n que deriv\u00f3 en rechifla para la secretaria general, ausente de la\nreuni\u00f3n.<\/p>\n","protected":false},"excerpt":{"rendered":"<p>Redacci\u00f3n\/Zona Roja Cdmx. Ciudad de M\u00e9xico, 26 de enero de 2020.- Tras el acuerdo del&hellip;<\/p>\n","protected":false},"author":2,"featured_media":8088,"comment_status":"closed","ping_status":"open","sticky":false,"template":"","format":"standard","meta":{"_lmt_disableupdate":"","_lmt_disable":"","_jetpack_memberships_contains_paid_content":false,"footnotes":""},"categories":[109,47],"tags":[1323,582],"class_list":["post-8087","post","type-post","status-publish","format-standard","has-post-thumbnail","hentry","category-minuto-a-minuto","category-zona-gris","tag-alfonso-ramirez-cuellar","tag-partido-morena"],"jetpack_featured_media_url":"https:\/\/zonaroja.com.mx\/wp-content\/uploads\/2020\/01\/Ram\u00edrez-Cu\u00e9llar.jpg","jetpack_sharing_enabled":true,"_links":{"self":[{"href":"https:\/\/zonaroja.com.mx\/index.php?rest_route=\/wp\/v2\/posts\/8087","targetHints":{"allow":["GET"]}}],"collection":[{"href":"https:\/\/zonaroja.com.mx\/index.php?rest_route=\/wp\/v2\/posts"}],"about":[{"href":"https:\/\/zonaroja.com.mx\/index.php?rest_route=\/wp\/v2\/types\/post"}],"author":[{"embeddable":true,"href":"https:\/\/zonaroja.com.mx\/index.php?rest_route=\/wp\/v2\/users\/2"}],"replies":[{"embeddable":true,"href":"https:\/\/zonaroja.com.mx\/index.php?rest_route=%2Fwp%2Fv2%2Fcomments&post=8087"}],"version-history":[{"count":1,"href":"https:\/\/zonaroja.com.mx\/index.php?rest_route=\/wp\/v2\/posts\/8087\/revisions"}],"predecessor-version":[{"id":8089,"href":"https:\/\/zonaroja.com.mx\/index.php?rest_route=\/wp\/v2\/posts\/8087\/revisions\/8089"}],"wp:featuredmedia":[{"embeddable":true,"href":"https:\/\/zonaroja.com.mx\/index.php?rest_route=\/wp\/v2\/media\/8088"}],"wp:attachment":[{"href":"https:\/\/zonaroja.com.mx\/index.php?rest_route=%2Fwp%2Fv2%2Fmedia&parent=8087"}],"wp:term":[{"taxonomy":"category","embeddable":true,"href":"https:\/\/zonaroja.com.mx\/index.php?rest_route=%2Fwp%2Fv2%2Fcategories&post=8087"},{"taxonomy":"post_tag","embeddable":true,"href":"https:\/\/zonaroja.com.mx\/index.php?rest_route=%2Fwp%2Fv2%2Ftags&post=8087"}],"curies":[{"name":"wp","href":"https:\/\/api.w.org\/{rel}","templated":true}]}}