{"id":80880,"date":"2025-06-01T07:30:00","date_gmt":"2025-06-01T13:30:00","guid":{"rendered":"https:\/\/zonaroja.com.mx\/?p=80880"},"modified":"2025-06-01T05:52:42","modified_gmt":"2025-06-01T11:52:42","slug":"magisterio-de-la-cnte-que-siempre-no-se-levanta-el-paro-educativo","status":"publish","type":"post","link":"https:\/\/zonaroja.com.mx\/?p=80880","title":{"rendered":"Magisterio de la CNTE: que siempre no se levanta el paro educativo"},"content":{"rendered":"\n<p>Raymundo Morales\/Zona Roja.<\/p>\n\n\n\n<p>Oaxaca, Oax., a 1 de junio de 2025.- A pesar de que, a\u00fan con m\u00ednima diferencia, las bases de la Secci\u00f3n 22 del SNTE determinaron ayer levantar el \u201cplant\u00f3n\u201d y paro educativo, por la tarde la gremial recul\u00f3 y este domingo contin\u00faan las protestas.<\/p>\n\n\n\n<p>De acuerdo con los n\u00fameros que se dieron a conocer ayer sobre la consulta a las bases, fueron cinco mil 555 votos a favor y cinco mil 298 en contra los emitidos para levantar las movilizaciones iniciadas el 15 de mayo.<\/p>\n\n\n\n<p>Sin embargo, en el transcurso del s\u00e1bado, sectores del magisterio de Oaxaca mostraron su inconformidad y rechazo a levantar la protesta.<\/p>\n\n\n\n<p>La Asamblea Estatal de la Secci\u00f3n 22 del Sindicato Nacional de Trabajadores de la Educaci\u00f3n (SNTE) se reanud\u00f3 el viernes a las 11:12 horas en la Ciudad de M\u00e9xico; sin embargo, desde esa fecha no se ha notificado si hubo un receso y cu\u00e1ndo se reanudar\u00e1 para tomar resoluciones definitivas.<\/p>\n\n\n\n<p>El magisterio de la entidad tampoco ha dado a conocer m\u00e1s posicionamientos a trav\u00e9s de sus redes sociales y lo \u00faltimo que public\u00f3 fueron el 30 de mayo a las 19:00 horas las respuestas de los gobiernos federal y estatal a las demandas.<\/p>\n\n\n\n<p>En tanto, la Asamblea Nacional Representativa de la Coordinadora Nacional de Trabajadores de la Educaci\u00f3n (CNTE) tampoco se ha reactivado y se mantiene en receso.<\/p>\n\n\n\n<p>Ayer fue citada y supuestamente definir\u00eda si hay boicot a la elecci\u00f3n judicial de este domingo pero pospuso su reuni\u00f3n para la tarde de hoy.<\/p>\n\n\n\n<p>De manera extraoficial se inform\u00f3 que los contingentes movilizados en la Ciudad de M\u00e9xico permaneceremos hasta en tanto no se tome una definici\u00f3n, y de forma posterior se analice en la Asamblea Nacional Representativa (ANR) la ruta a seguir como movimiento nacional.<\/p>\n","protected":false},"excerpt":{"rendered":"<p>Raymundo Morales\/Zona Roja. Oaxaca, Oax., a 1 de junio de 2025.- A pesar de que,&hellip;<\/p>\n","protected":false},"author":2,"featured_media":80883,"comment_status":"closed","ping_status":"open","sticky":false,"template":"","format":"standard","meta":{"_lmt_disableupdate":"","_lmt_disable":"","_jetpack_memberships_contains_paid_content":false,"footnotes":""},"categories":[109,47],"tags":[312],"class_list":["post-80880","post","type-post","status-publish","format-standard","has-post-thumbnail","hentry","category-minuto-a-minuto","category-zona-gris","tag-seccion-22-del-snte"],"jetpack_featured_media_url":"https:\/\/zonaroja.com.mx\/wp-content\/uploads\/2025\/06\/Planton-CNTE-en-la-Ciudad-de-Mexico.jpeg","jetpack_sharing_enabled":true,"_links":{"self":[{"href":"https:\/\/zonaroja.com.mx\/index.php?rest_route=\/wp\/v2\/posts\/80880","targetHints":{"allow":["GET"]}}],"collection":[{"href":"https:\/\/zonaroja.com.mx\/index.php?rest_route=\/wp\/v2\/posts"}],"about":[{"href":"https:\/\/zonaroja.com.mx\/index.php?rest_route=\/wp\/v2\/types\/post"}],"author":[{"embeddable":true,"href":"https:\/\/zonaroja.com.mx\/index.php?rest_route=\/wp\/v2\/users\/2"}],"replies":[{"embeddable":true,"href":"https:\/\/zonaroja.com.mx\/index.php?rest_route=%2Fwp%2Fv2%2Fcomments&post=80880"}],"version-history":[{"count":1,"href":"https:\/\/zonaroja.com.mx\/index.php?rest_route=\/wp\/v2\/posts\/80880\/revisions"}],"predecessor-version":[{"id":80884,"href":"https:\/\/zonaroja.com.mx\/index.php?rest_route=\/wp\/v2\/posts\/80880\/revisions\/80884"}],"wp:featuredmedia":[{"embeddable":true,"href":"https:\/\/zonaroja.com.mx\/index.php?rest_route=\/wp\/v2\/media\/80883"}],"wp:attachment":[{"href":"https:\/\/zonaroja.com.mx\/index.php?rest_route=%2Fwp%2Fv2%2Fmedia&parent=80880"}],"wp:term":[{"taxonomy":"category","embeddable":true,"href":"https:\/\/zonaroja.com.mx\/index.php?rest_route=%2Fwp%2Fv2%2Fcategories&post=80880"},{"taxonomy":"post_tag","embeddable":true,"href":"https:\/\/zonaroja.com.mx\/index.php?rest_route=%2Fwp%2Fv2%2Ftags&post=80880"}],"curies":[{"name":"wp","href":"https:\/\/api.w.org\/{rel}","templated":true}]}}