{"id":80888,"date":"2025-06-01T09:30:00","date_gmt":"2025-06-01T15:30:00","guid":{"rendered":"https:\/\/zonaroja.com.mx\/?p=80888"},"modified":"2025-06-01T06:14:11","modified_gmt":"2025-06-01T12:14:11","slug":"tribunal-electoral-prohibe-reparto-de-acordeones-en-eleccion-judicial-2025","status":"publish","type":"post","link":"https:\/\/zonaroja.com.mx\/?p=80888","title":{"rendered":"Tribunal Electoral proh\u00edbe reparto de \u2018acordeones\u2019 en elecci\u00f3n judicial 2025"},"content":{"rendered":"\n<p>Redacci\u00f3n\/Zona Roja Cdmx.<\/p>\n\n\n\n<p>Ciudad de M\u00e9xico, a 1 de junio de 2025.- El Tribunal Electoral del Poder Judicial de la Federaci\u00f3n (TEPJF) declar\u00f3 este s\u00e1bado procedente la adopci\u00f3n de medidas cautelares para inhibir el reparto o exhibici\u00f3n de los denominados \u201cacordeones\u201d -con nombres de las candidaturas- durante la veda y en la jornada de la in\u00e9dita elecci\u00f3n judicial en nuestro pa\u00eds.<\/p>\n\n\n\n<p>La decisi\u00f3n un\u00e1nime, confirmada por la Sala Superior del TEPJF, surge tras la presentaci\u00f3n del acuerdo emitido el pasado jueves por el Consejo General del Instituto Nacional Electoral (INE) para frenar la difusi\u00f3n de propaganda y actos que coaccionen el voto, como los referidos \u201cacordeones\u201d.<\/p>\n\n\n\n<p>A partir del proyecto presentado por el magistrado Felipe Alfredo Fuentes Barrera, el m\u00e1ximo \u00f3rgano de justicia electoral defini\u00f3 que este acuerdo no contraviene est\u00e1ndares constitucionales ni convencionales, pues permite a los ciudadanos acudir a las urnas con anotaciones, gu\u00edas, impresiones, fotograf\u00edas o cualquier otra forma de reproducci\u00f3n f\u00edsica o digital.<\/p>\n\n\n\n<p>\u201cNo se le impide (a los votantes) que cuenten con elementos f\u00edsicos o electr\u00f3nicos en los que se indiquen las candidaturas de su preferencia y se identifique el n\u00famero de cada una\u201d, subray\u00f3 el tribunal electoral en un comunicado.<\/p>\n\n\n\n<p>Aunque las autoridades electorales advirtieron que estos \u201capoyos\u201d no deben portarse \u201cde manera visible o que se exhiban en el periodo de veda o durante la jornada electoral, ya que es un acto y decisi\u00f3n personal de cada ciudadano\u201d.<\/p>\n\n\n\n<p>La negativa de elaborar o difundir \u201cacordeones\u201d se da luego de que el Consejo General del INE recibi\u00f3 dos denuncias por la circulaci\u00f3n de estos materiales que, a trav\u00e9s de los diversos canales -como las redes sociales-, pretenden indicar qu\u00e9 perfiles deber\u00edan de ser votados para cada uno de los 881 cargos del Poder Judicial en juego.<\/p>\n\n\n\n<p>Sobre ello, en una sesi\u00f3n extraordinaria, la consejera presidenta del INE, Guadalupe Taddei Zavala, manifest\u00f3 la urgencia para detener todas las pr\u00e1cticas que intenten \u201cpersuadir o inhibir el voto\u201d de los casi 100 millones de mexicanos que est\u00e1n llamados a ejercer su derecho al sufragio.<\/p>\n\n\n\n<p>En v\u00edsperas de las elecciones judiciales, los pron\u00f3sticos apuntan una participaci\u00f3n de hasta el 20 por ciento como m\u00e1ximo, en este periodo la ciudadan\u00eda ha podido consultar herramientas como \u2018Con\u00f3celes\u2019, un sistema proporcionado por el INE para dotar de informaci\u00f3n curricular de los aspirantes a cargos judiciales.<\/p>\n\n\n\n<p>Este domingo, por primera vez, los mexicanos podr\u00e1n elegir de entre 3 mil 422 candidatos a los integrantes de la Suprema Corte, del nuevo Tribunal de Disciplina Judicial y del Tribunal Electoral del Poder Judicial de la Federaci\u00f3n.<\/p>\n\n\n\n<p>(Informaci\u00f3n de la agencia EFE en \u201cEl Financiero\u201d)<\/p>\n","protected":false},"excerpt":{"rendered":"<p>Redacci\u00f3n\/Zona Roja Cdmx. Ciudad de M\u00e9xico, a 1 de junio de 2025.- El Tribunal Electoral&hellip;<\/p>\n","protected":false},"author":2,"featured_media":80796,"comment_status":"closed","ping_status":"open","sticky":false,"template":"","format":"standard","meta":{"_lmt_disableupdate":"","_lmt_disable":"","_jetpack_memberships_contains_paid_content":false,"footnotes":""},"categories":[109,47],"tags":[4291],"class_list":["post-80888","post","type-post","status-publish","format-standard","has-post-thumbnail","hentry","category-minuto-a-minuto","category-zona-gris","tag-eleccion-judicial-mexico"],"jetpack_featured_media_url":"https:\/\/zonaroja.com.mx\/wp-content\/uploads\/2025\/05\/Eleccion-poder-judicial.jpeg","jetpack_sharing_enabled":true,"_links":{"self":[{"href":"https:\/\/zonaroja.com.mx\/index.php?rest_route=\/wp\/v2\/posts\/80888","targetHints":{"allow":["GET"]}}],"collection":[{"href":"https:\/\/zonaroja.com.mx\/index.php?rest_route=\/wp\/v2\/posts"}],"about":[{"href":"https:\/\/zonaroja.com.mx\/index.php?rest_route=\/wp\/v2\/types\/post"}],"author":[{"embeddable":true,"href":"https:\/\/zonaroja.com.mx\/index.php?rest_route=\/wp\/v2\/users\/2"}],"replies":[{"embeddable":true,"href":"https:\/\/zonaroja.com.mx\/index.php?rest_route=%2Fwp%2Fv2%2Fcomments&post=80888"}],"version-history":[{"count":1,"href":"https:\/\/zonaroja.com.mx\/index.php?rest_route=\/wp\/v2\/posts\/80888\/revisions"}],"predecessor-version":[{"id":80889,"href":"https:\/\/zonaroja.com.mx\/index.php?rest_route=\/wp\/v2\/posts\/80888\/revisions\/80889"}],"wp:featuredmedia":[{"embeddable":true,"href":"https:\/\/zonaroja.com.mx\/index.php?rest_route=\/wp\/v2\/media\/80796"}],"wp:attachment":[{"href":"https:\/\/zonaroja.com.mx\/index.php?rest_route=%2Fwp%2Fv2%2Fmedia&parent=80888"}],"wp:term":[{"taxonomy":"category","embeddable":true,"href":"https:\/\/zonaroja.com.mx\/index.php?rest_route=%2Fwp%2Fv2%2Fcategories&post=80888"},{"taxonomy":"post_tag","embeddable":true,"href":"https:\/\/zonaroja.com.mx\/index.php?rest_route=%2Fwp%2Fv2%2Ftags&post=80888"}],"curies":[{"name":"wp","href":"https:\/\/api.w.org\/{rel}","templated":true}]}}