{"id":80894,"date":"2025-06-01T13:21:00","date_gmt":"2025-06-01T19:21:00","guid":{"rendered":"https:\/\/zonaroja.com.mx\/?p=80894"},"modified":"2025-06-01T06:22:42","modified_gmt":"2025-06-01T12:22:42","slug":"registra-mexico-25-ataques-violentos-contra-personal-judicial","status":"publish","type":"post","link":"https:\/\/zonaroja.com.mx\/?p=80894","title":{"rendered":"Registra M\u00e9xico 25 ataques violentos contra personal judicial"},"content":{"rendered":"\n<p>Redacci\u00f3n\/Zona Roja Cdmx.<\/p>\n\n\n\n<p>Ciudad de M\u00e9xico, a 1 de junio de 2025.- La organizaci\u00f3n Data C\u00edvica inform\u00f3 que durante las campa\u00f1as para la elecci\u00f3n judicial que se llevan a cabo este 1 de junio no se registraron ataques contra candidatos, pero s\u00ed contra personas juzgadoras en funciones y parte de sus equipos de trabajo, lo que evidencia que est\u00e1n en la mira del crimen organizado.<\/p>\n\n\n\n<p>Adem\u00e1s, precis\u00f3 que desde 2018 ha documentado 25 ataques de violencia pol\u00edtico-criminal contra personas vinculadas al Poder Judicial.<\/p>\n\n\n\n<p>Si bien no observamos un patr\u00f3n claro de violencia durante este proceso de votaci\u00f3n judicial, los ataques registrados evidencian que las personas juzgadoras s\u00ed est\u00e1n en la mira del crimen organizado\u201d, apunt\u00f3 Data C\u00edvica en un comunicado.<\/p>\n\n\n\n<p>La organizaci\u00f3n a\u00f1adi\u00f3 que las decisiones de los jueces \u201cpueden alterar estructuras de poder o redes de corrupci\u00f3n, lo que las convierte en objetivos potenciales, especialmente cuando hay incumplimientos de acuerdos ilegales o cambios institucionales\u201d, a\u00f1adi\u00f3.<\/p>\n\n\n\n<p>Record\u00f3 que violencia pol\u00edtica \u201ctiende a recrudecer durante los procesos electorales, principalmente en el mes previo a la votaci\u00f3n\u201d y por ello dio seguimiento al periodo de campa\u00f1as electorales del poder judicial del 30 de marzo al 28 de mayo de 2025, as\u00ed como a los ataques registrados en su base de datos desde 2018.<\/p>\n\n\n\n<p>El informe \u2018Violencia pol\u00edtico-criminal contra personas juzgadoras en M\u00e9xico: un an\u00e1lisis antes y durante el periodo electoral (2018\u20132025)\u2019 report\u00f3 que las campa\u00f1as electorales del poder judicial \u201cno registraron ataques contra personas candidatas, pero s\u00ed contra personas juzgadoras en funciones y trabajadores\u201d.<\/p>\n\n\n\n<p>Precis\u00f3 que de los 25 ataques de violencia pol\u00edtico-criminal contra personas juzgadoras que se han documentado desde 2018: 13 fueron contra personas juzgadoras, 9 trabajadores del poder judicial y 3 familiares.<\/p>\n\n\n\n<p>Apunt\u00f3 que el 60 por ciento de los ataques contra personas juzgadoras han sido asesinatos; el 28 % ataques armados donde las v\u00edctimas sobrevivieron, y 12 por ciento amenazas directas.<\/p>\n\n\n\n<p>En tanto, Morelos y Ciudad de M\u00e9xico concentran el mayor n\u00famero de ataques contra personas juzgadoras y sus familias, con cuatro casos cada uno; seguido de Baja California y Zacatecas.<\/p>\n\n\n\n<p>Tan solo en 2025, la organizaci\u00f3n report\u00f3 seis de estos ataques: tres amenazas a magistrados, un atentado contra una magistrada del Tribunal Superior de Justicia del Estado de Morelos; un ataque armado a un chofer de un magistrado y el asesinato en marzo pasado de un juez c\u00edvico municipal, en Oaxaca.<\/p>\n\n\n\n<p>En M\u00e9xico, en una elecci\u00f3n in\u00e9dita, el pr\u00f3ximo domingo 1 de junio 99.7 millones de potenciales votantes est\u00e1n llamados a elegir por primera vez 881 cargos de entre tres mil 422 candidatos, que incluyen la Suprema Corte, el nuevo Tribunal de Disciplina Judicial y el Tribunal Electoral.<\/p>\n\n\n\n<p>La elecci\u00f3n judicial ha estado envuelta en distintas pol\u00e9micas, entre ellas las denuncias contra una veintena de candidatos que presuntamente tendr\u00edan nexos con el narcotr\u00e1fico; postulaci\u00f3n de candidatos afines al gobierno y un limitado presupuesto como centros de votaci\u00f3n.<\/p>\n\n\n\n<p>(Con informaci\u00f3n de EFE, en L\u00f3pez-D\u00f3riga Digital)<\/p>\n","protected":false},"excerpt":{"rendered":"<p>Redacci\u00f3n\/Zona Roja Cdmx. Ciudad de M\u00e9xico, a 1 de junio de 2025.- La organizaci\u00f3n Data&hellip;<\/p>\n","protected":false},"author":2,"featured_media":76164,"comment_status":"closed","ping_status":"open","sticky":false,"template":"","format":"standard","meta":{"_lmt_disableupdate":"","_lmt_disable":"","_jetpack_memberships_contains_paid_content":false,"footnotes":""},"categories":[109,47],"tags":[4291],"class_list":["post-80894","post","type-post","status-publish","format-standard","has-post-thumbnail","hentry","category-minuto-a-minuto","category-zona-gris","tag-eleccion-judicial-mexico"],"jetpack_featured_media_url":"https:\/\/zonaroja.com.mx\/wp-content\/uploads\/2025\/01\/Violencia-escena-asesinato.jpeg","jetpack_sharing_enabled":true,"_links":{"self":[{"href":"https:\/\/zonaroja.com.mx\/index.php?rest_route=\/wp\/v2\/posts\/80894","targetHints":{"allow":["GET"]}}],"collection":[{"href":"https:\/\/zonaroja.com.mx\/index.php?rest_route=\/wp\/v2\/posts"}],"about":[{"href":"https:\/\/zonaroja.com.mx\/index.php?rest_route=\/wp\/v2\/types\/post"}],"author":[{"embeddable":true,"href":"https:\/\/zonaroja.com.mx\/index.php?rest_route=\/wp\/v2\/users\/2"}],"replies":[{"embeddable":true,"href":"https:\/\/zonaroja.com.mx\/index.php?rest_route=%2Fwp%2Fv2%2Fcomments&post=80894"}],"version-history":[{"count":1,"href":"https:\/\/zonaroja.com.mx\/index.php?rest_route=\/wp\/v2\/posts\/80894\/revisions"}],"predecessor-version":[{"id":80895,"href":"https:\/\/zonaroja.com.mx\/index.php?rest_route=\/wp\/v2\/posts\/80894\/revisions\/80895"}],"wp:featuredmedia":[{"embeddable":true,"href":"https:\/\/zonaroja.com.mx\/index.php?rest_route=\/wp\/v2\/media\/76164"}],"wp:attachment":[{"href":"https:\/\/zonaroja.com.mx\/index.php?rest_route=%2Fwp%2Fv2%2Fmedia&parent=80894"}],"wp:term":[{"taxonomy":"category","embeddable":true,"href":"https:\/\/zonaroja.com.mx\/index.php?rest_route=%2Fwp%2Fv2%2Fcategories&post=80894"},{"taxonomy":"post_tag","embeddable":true,"href":"https:\/\/zonaroja.com.mx\/index.php?rest_route=%2Fwp%2Fv2%2Ftags&post=80894"}],"curies":[{"name":"wp","href":"https:\/\/api.w.org\/{rel}","templated":true}]}}