{"id":80896,"date":"2025-06-01T12:23:00","date_gmt":"2025-06-01T18:23:00","guid":{"rendered":"https:\/\/zonaroja.com.mx\/?p=80896"},"modified":"2025-06-01T06:26:02","modified_gmt":"2025-06-01T12:26:02","slug":"a-75-anos-del-jardin-conzatti-un-pulmon-que-respira-por-sus-vecinos","status":"publish","type":"post","link":"https:\/\/zonaroja.com.mx\/?p=80896","title":{"rendered":"A 75 a\u00f1os del jard\u00edn Conzatti, un pulm\u00f3n que respira por sus vecinos"},"content":{"rendered":"\n<p>Misael S\u00e1nchez\/Agencia Oaxaca Mx.<\/p>\n\n\n\n<p>En el coraz\u00f3n de Oaxaca, a unas diez cuadras del Z\u00f3calo, sobrevive una selva domesticada que no se rinde ante el concreto ni los acuerdos pol\u00edticos que la traicionan.<\/p>\n\n\n\n<p>Es s\u00e1bado, 31 de mayo de 2025, y el Jard\u00edn Conzatti, ese oasis bot\u00e1nico creado hace 75 a\u00f1os en memoria de un sabio extranjero que hizo de esta tierra su laboratorio y su patria, respira entre acordes de metales y vientos que ofrece la Banda Filarm\u00f3nica Encanto Serrano, j\u00f3venes de la Sierra Norte y la Sierra Mixe que han bajado para rendirle homenaje a los \u00e1rboles.<\/p>\n\n\n\n<p>El reportero lleg\u00f3 temprano, como suele hacerlo cuando el mundo le parece m\u00e1s honesto al alba.<\/p>\n\n\n\n<p>Vio el parque desde su centro, desde la fuente que ha aprendido a resistir el abandono y los discursos. Ah\u00ed se detuvo. Casi encendi\u00f3 un cigarro. La brisa del agua le susurraba historias antiguas.<\/p>\n\n\n\n<p>Observ\u00f3. El jard\u00edn no parec\u00eda celebrarse a s\u00ed mismo. Estaba ah\u00ed, intacto, modesto, resistente.<\/p>\n\n\n\n<p>Los setenta y cinco a\u00f1os se le notaban como se le notan a una biblioteca viva, no en el polvo sino en las ra\u00edces. Las jardineras, esas trincheras verdes, eran testimonio de una resistencia vegetal, y humana tambi\u00e9n, porque este pulm\u00f3n no respira por decreto ni por presupuesto, sino por la tozuda voluntad de sus vecinos, y, en especial, por ella: la nieta del bot\u00e1nico.<\/p>\n\n\n\n<p>La vio entre la gente. No la salud\u00f3. No quiso perturbar ese instante de llovizna, m\u00fasica y memoria que se le dibujaba en el rostro.<\/p>\n\n\n\n<p>Lizzi Conzatti, heredera de una cruzada silenciosa, con un sombrerito que le iba muy bien, escuchaba la banda con los ojos cerrados y el alma abierta. Cada semana, cada mes, entre sus manos, hay una peque\u00f1a planta esperando su turno de ser sembrada. Es parte de un acto simb\u00f3lico, pero tambi\u00e9n un gesto de amor.<\/p>\n\n\n\n<p>El reportero apunt\u00f3 en su libreta: \u201cAqu\u00ed, donde antes hubo hasta un tianguis agresivo de fin de semana, vuelve a florecer la dignidad.\u201d<\/p>\n\n\n\n<p>Record\u00f3 entonces las m\u00faltiples ocasiones en que Lizzi alz\u00f3 la voz, enfrentando gobiernos, regidores, comerciantes ambulantes y directores de cultura que convirtieron la omisi\u00f3n en norma. Denunci\u00f3, discuti\u00f3, impidi\u00f3, advirti\u00f3. En m\u00e1s de una ocasi\u00f3n, amenaz\u00f3 con hacer guardia permanente. Y lo hizo. Con ardillas por compa\u00f1eras y \u00e1rboles por aliados.<\/p>\n\n\n\n<p>Cassiano Conzatti, su abuelo, lleg\u00f3 desde Italia a finales del siglo XIX, y al ver Oaxaca, dijo que esa tierra se le parec\u00eda al para\u00edso.<\/p>\n\n\n\n<p>Cient\u00edfico, bot\u00e1nico, pedagogo y cart\u00f3grafo, se hizo mexicano por convicci\u00f3n y oaxaque\u00f1o por amor. De \u00e9l se cuentan leyendas. Que pod\u00eda nombrar las plantas en lat\u00edn al ver sus sombras, que ten\u00eda un mapa de la Sierra Norte dibujado de memoria, que ense\u00f1\u00f3 a generaciones enteras a mirar la naturaleza como una biblioteca abierta. Que un d\u00eda, simplemente, pidi\u00f3 que sus cenizas se esparcieran entre \u00e1rboles.<\/p>\n\n\n\n<p>Por eso existe el jard\u00edn. No fue un capricho urban\u00edstico sino un homenaje vital. Un espacio donde los \u00e1rboles hablan de \u00e9l, donde las hojas caen con acento extranjero y se mezclan con la tierra ind\u00edgena.<\/p>\n\n\n\n<p>Un espacio que los gobiernos han querido \u201cintervenir\u201d con luces que ciegan, con tianguis que ensucian, con ba\u00f1os que huelen a abandono.<\/p>\n\n\n\n<p>A mitad del concierto, el reportero record\u00f3 que un d\u00eda antes recibi\u00f3 un mensaje: \u201cNo olvides la invitaci\u00f3n. Por si gustas asistir. Ya est\u00e1 en tu agenda\u201d, le hab\u00eda escrito su amigo Francisco Mart\u00ednez. Entonces record\u00f3 que, en realidad, no estaba all\u00ed por azar, sino por lealtad. La del periodista con sus territorios morales. Porque si algo ense\u00f1a Oaxaca es que hay sitios donde uno vuelve no como reportero, sino como testigo.<\/p>\n\n\n\n<p>Y vaya que hab\u00eda sido testigo. Recordaba aquel diciembre en que se instalaron mamparas met\u00e1licas en las cuatro esquinas del jard\u00edn, como cuchillos de modernidad torpe.<\/p>\n\n\n\n<p>Los vecinos, encabezados por Lizzi, no duraron una semana en desmontarlas.<\/p>\n\n\n\n<p>Recordaba tambi\u00e9n el \u201cPlan Luz\u201d, aquel disparate de iluminaci\u00f3n desmedida de un alcalde gallego \u2013 \u00bfo vasco? \u2014 que pretend\u00eda convertir el jard\u00edn en un escaparate nocturno. Y los ba\u00f1os p\u00fablicos, los olores, los artesanos tra\u00eddos desde Guatemala en plena Semana Santa, vendiendo junto a las ra\u00edces.<\/p>\n\n\n\n<p>Contra todo, el jard\u00edn sobrevivi\u00f3. Porque cada vez que lo intentaron tomar, hubo alguien que lo defendi\u00f3. A veces con denuncias, otras con plantas, y muchas, muchas veces, con silencio militante. Como ese que hoy guarda Lizzi entre la m\u00fasica, como una ofrenda invisible a su abuelo.<\/p>\n\n\n\n<p>El concierto concluy\u00f3. La Banda Encanto Serrano se despidi\u00f3 entre aplausos. Algunas voces animaron la jornada. La m\u00fasica hab\u00eda dicho todo.<\/p>\n\n\n\n<p>No habr\u00e1 boletines. No har\u00e1 falta. Porque mientras existan espacios como este, cuidados no por los gobiernos sino por la gente, la ciudad a\u00fan tiene posibilidad. El Jard\u00edn Conzatti no es s\u00f3lo un parque. Es una declaraci\u00f3n de principios. Es un testimonio bot\u00e1nico de lo que sucede cuando la memoria florece.<\/p>\n\n\n\n<p>Y mientras el reportero se alejaba por la calle Reforma, un par de ardillas cruzaron corriendo hacia los \u00e1rboles. Parec\u00edan saludar. O quiz\u00e1s, simplemente, hac\u00edan la ronda matutina junto a la mujer que les lleva mangos, pl\u00e1tanos y almendras y que, cada ma\u00f1ana, antes de que el sol desate su furia, riega la tierra como quien riega el legado de los que, como don Cassiano, pensaron que el mundo pod\u00eda salvarse con un jard\u00edn.<\/p>\n","protected":false},"excerpt":{"rendered":"<p>Misael S\u00e1nchez\/Agencia Oaxaca Mx. En el coraz\u00f3n de Oaxaca, a unas diez cuadras del Z\u00f3calo,&hellip;<\/p>\n","protected":false},"author":2,"featured_media":80897,"comment_status":"closed","ping_status":"open","sticky":false,"template":"","format":"standard","meta":{"_lmt_disableupdate":"","_lmt_disable":"","_jetpack_memberships_contains_paid_content":false,"footnotes":""},"categories":[109,46],"tags":[],"class_list":["post-80896","post","type-post","status-publish","format-standard","has-post-thumbnail","hentry","category-minuto-a-minuto","category-zona-blanca"],"jetpack_featured_media_url":"https:\/\/zonaroja.com.mx\/wp-content\/uploads\/2025\/06\/Jardin-Conzatti.jpeg","jetpack_sharing_enabled":true,"_links":{"self":[{"href":"https:\/\/zonaroja.com.mx\/index.php?rest_route=\/wp\/v2\/posts\/80896","targetHints":{"allow":["GET"]}}],"collection":[{"href":"https:\/\/zonaroja.com.mx\/index.php?rest_route=\/wp\/v2\/posts"}],"about":[{"href":"https:\/\/zonaroja.com.mx\/index.php?rest_route=\/wp\/v2\/types\/post"}],"author":[{"embeddable":true,"href":"https:\/\/zonaroja.com.mx\/index.php?rest_route=\/wp\/v2\/users\/2"}],"replies":[{"embeddable":true,"href":"https:\/\/zonaroja.com.mx\/index.php?rest_route=%2Fwp%2Fv2%2Fcomments&post=80896"}],"version-history":[{"count":1,"href":"https:\/\/zonaroja.com.mx\/index.php?rest_route=\/wp\/v2\/posts\/80896\/revisions"}],"predecessor-version":[{"id":80898,"href":"https:\/\/zonaroja.com.mx\/index.php?rest_route=\/wp\/v2\/posts\/80896\/revisions\/80898"}],"wp:featuredmedia":[{"embeddable":true,"href":"https:\/\/zonaroja.com.mx\/index.php?rest_route=\/wp\/v2\/media\/80897"}],"wp:attachment":[{"href":"https:\/\/zonaroja.com.mx\/index.php?rest_route=%2Fwp%2Fv2%2Fmedia&parent=80896"}],"wp:term":[{"taxonomy":"category","embeddable":true,"href":"https:\/\/zonaroja.com.mx\/index.php?rest_route=%2Fwp%2Fv2%2Fcategories&post=80896"},{"taxonomy":"post_tag","embeddable":true,"href":"https:\/\/zonaroja.com.mx\/index.php?rest_route=%2Fwp%2Fv2%2Ftags&post=80896"}],"curies":[{"name":"wp","href":"https:\/\/api.w.org\/{rel}","templated":true}]}}