{"id":80899,"date":"2025-06-01T14:32:00","date_gmt":"2025-06-01T20:32:00","guid":{"rendered":"https:\/\/zonaroja.com.mx\/?p=80899"},"modified":"2025-06-01T06:33:49","modified_gmt":"2025-06-01T12:33:49","slug":"aprueban-fiscales-del-sureste-propuestas-de-reformas-a-ley-de-amparo","status":"publish","type":"post","link":"https:\/\/zonaroja.com.mx\/?p=80899","title":{"rendered":"Aprueban fiscales del sureste propuestas de reformas a ley de Amparo"},"content":{"rendered":"\n<p>Redacci\u00f3n\/Zona Roja Cdmx.<\/p>\n\n\n\n<p>Ciudad de M\u00e9xico, a 1 de junio de 2025.. Fiscales de justicia de los estados de Campeche, Chiapas, Guerrero, Oaxaca, Quintana Roo, Tabasco, Veracruz y Yucat\u00e1n aprobaron -en el seno de la Conferencia Nacional de Procuraci\u00f3n de Justicia (CNPJ)- las propuestas de reformas constitucionales que se presentar\u00e1n a trav\u00e9s de la Consejer\u00eda Jur\u00eddica del Poder Ejecutivo al Congreso de la Uni\u00f3n para que se modifiquen el C\u00f3digo Nacional de Procedimientos Penales y la Ley de Amparo.<\/p>\n\n\n\n<p>La Fiscal\u00eda General de la Rep\u00fablica (FGR) inform\u00f3 que los fiscales de la zona sureste participaron en los trabajos de la Primera Sesi\u00f3n Ordinaria 2025 de la zona sureste de la CNPJ que se realiz\u00f3 en Yucat\u00e1n.<\/p>\n\n\n\n<p>En el encuentro la vicepresidenta de la Junta de Gobierno del Instituto Nacional de Estad\u00edstica y Geograf\u00eda (Inegi), Rosa Isabel Isalas, present\u00f3 los avances del Sistema Estad\u00edstico Nacional de Procuraci\u00f3n de Justicia (Senap), \u00aby se aprob\u00f3 realizar mejoras y ajustes a la plataforma del sistema, en tanto se consolidan los sistemas y la informaci\u00f3n estad\u00edstica de las instituciones participantes, con el acompa\u00f1amiento del Inegi y de la FGR\u00bb.<\/p>\n\n\n\n<p>Asimismo, el Secretariado Ejecutivo del Sistema Nacional de Seguridad P\u00fablica (Sesnsp) present\u00f3 la actualizaci\u00f3n del instrumento de registro, clasificaci\u00f3n y reporte de los delitos y las v\u00edctimas.<\/p>\n\n\n\n<p>El organismo \u00abasumi\u00f3 el compromiso de remitir informaci\u00f3n desagregada sobre la incidencia delictiva alineada con la nueva metodolog\u00eda que incluya la fecha exacta y el municipio donde ocurrieron los delitos para facilitar la toma de decisiones y el desarrollo e implementaci\u00f3n de pol\u00edticas p\u00fablicas\u201d.<\/p>\n\n\n\n<p>(Informaci\u00f3n de \u201cLa Jornada\u201d)<\/p>\n","protected":false},"excerpt":{"rendered":"<p>Redacci\u00f3n\/Zona Roja Cdmx. Ciudad de M\u00e9xico, a 1 de junio de 2025.. Fiscales de justicia&hellip;<\/p>\n","protected":false},"author":2,"featured_media":80900,"comment_status":"closed","ping_status":"open","sticky":false,"template":"","format":"standard","meta":{"_lmt_disableupdate":"","_lmt_disable":"","_jetpack_memberships_contains_paid_content":false,"footnotes":""},"categories":[109,46],"tags":[494],"class_list":["post-80899","post","type-post","status-publish","format-standard","has-post-thumbnail","hentry","category-minuto-a-minuto","category-zona-blanca","tag-fiscalia-general-del-estado-de-oaxaca"],"jetpack_featured_media_url":"https:\/\/zonaroja.com.mx\/wp-content\/uploads\/2025\/06\/Reunion-fiscales-sureste-Mexico.jpeg","jetpack_sharing_enabled":true,"_links":{"self":[{"href":"https:\/\/zonaroja.com.mx\/index.php?rest_route=\/wp\/v2\/posts\/80899","targetHints":{"allow":["GET"]}}],"collection":[{"href":"https:\/\/zonaroja.com.mx\/index.php?rest_route=\/wp\/v2\/posts"}],"about":[{"href":"https:\/\/zonaroja.com.mx\/index.php?rest_route=\/wp\/v2\/types\/post"}],"author":[{"embeddable":true,"href":"https:\/\/zonaroja.com.mx\/index.php?rest_route=\/wp\/v2\/users\/2"}],"replies":[{"embeddable":true,"href":"https:\/\/zonaroja.com.mx\/index.php?rest_route=%2Fwp%2Fv2%2Fcomments&post=80899"}],"version-history":[{"count":1,"href":"https:\/\/zonaroja.com.mx\/index.php?rest_route=\/wp\/v2\/posts\/80899\/revisions"}],"predecessor-version":[{"id":80901,"href":"https:\/\/zonaroja.com.mx\/index.php?rest_route=\/wp\/v2\/posts\/80899\/revisions\/80901"}],"wp:featuredmedia":[{"embeddable":true,"href":"https:\/\/zonaroja.com.mx\/index.php?rest_route=\/wp\/v2\/media\/80900"}],"wp:attachment":[{"href":"https:\/\/zonaroja.com.mx\/index.php?rest_route=%2Fwp%2Fv2%2Fmedia&parent=80899"}],"wp:term":[{"taxonomy":"category","embeddable":true,"href":"https:\/\/zonaroja.com.mx\/index.php?rest_route=%2Fwp%2Fv2%2Fcategories&post=80899"},{"taxonomy":"post_tag","embeddable":true,"href":"https:\/\/zonaroja.com.mx\/index.php?rest_route=%2Fwp%2Fv2%2Ftags&post=80899"}],"curies":[{"name":"wp","href":"https:\/\/api.w.org\/{rel}","templated":true}]}}