{"id":80902,"date":"2025-06-01T11:35:00","date_gmt":"2025-06-01T17:35:00","guid":{"rendered":"https:\/\/zonaroja.com.mx\/?p=80902"},"modified":"2025-06-01T06:36:34","modified_gmt":"2025-06-01T12:36:34","slug":"decapitan-a-4-en-guerrero-matan-a-2-policias-en-michoacan","status":"publish","type":"post","link":"https:\/\/zonaroja.com.mx\/?p=80902","title":{"rendered":"Decapitan a 4 en Guerrero; matan a 2 polic\u00edas en Michoac\u00e1n"},"content":{"rendered":"\n<p>Redacci\u00f3n\/Zona Roja Cdmx.<\/p>\n\n\n\n<p>Ciudad de M\u00e9xico, a 1 de junio de 2025.- Los cuerpos de cuatro hombres decapitados, fueron encontrados en la localidad de Tepetixtla, en la sierra del municipio de Coyuca de Ben\u00edtez, en la regi\u00f3n de Costa Grande, alrededor del mediod\u00eda de este s\u00e1bado.<\/p>\n\n\n\n<p>Los cad\u00e1veres fueron encontrados en la carretera que une Tepetixtla y la localidad de Yerbasantita, municipio de Coyuca de Ben\u00edtez.<\/p>\n\n\n\n<p>Al sitio acudieron elementos de la Guardia Nacional, Ej\u00e9rcito Mexicano, Polic\u00eda Estatal y agentes de la Fiscal\u00eda General del Estado de Guerrero, para realizar las diligencias de ley y el retiro de los cuerpos.<\/p>\n\n\n\n<p>En el lugar tambi\u00e9n fue encontrada una manta con un mensaje relativo a grupos criminales.<\/p>\n\n\n\n<p>El jueves poco antes de la medianoche fueron encontrados los cuerpos sin vida, desmembrados, de cuatro hombres y una mujer, en el interior de un taxi Volkswagen rojo con blanco, en el bulevar Vicente Guerrero de Acapulco.<\/p>\n\n\n\n<p>El viernes por la tarde, los cad\u00e1veres de tres hombres fueron hallados en el interior de un taxi colectivo blanco con amarillo, en el bulevar L\u00e1zaro C\u00e1rdenas de La Sabana, tambi\u00e9n en Acapulco.<\/p>\n\n\n\n<p>En ambos casos elementos polic\u00edacos encontraron cartulinas con mensajes relativos a bandas delincuenciales.<\/p>\n\n\n\n<p>Adem\u00e1s, poco antes de la medianoche del viernes, se registr\u00f3 un ataque en la calle Adober\u00eda del Barrio de La Pocita, en el centro de Acapulco, que dej\u00f3 como saldo dos personas sin vida y tres heridas por impactos de bala.<\/p>\n\n\n\n<p>EN MICHOAC\u00c1N<\/p>\n\n\n\n<p>Dos polic\u00edas municipales fueron asesinados y dos m\u00e1s resultaron lesionados durante un ataque a balazos en la colonia L\u00e1zaro C\u00e1rdenas de la cabecera municipal de Apatzing\u00e1n, inform\u00f3 la Secretar\u00eda de Seguridad P\u00fablica de Michoac\u00e1n.<\/p>\n\n\n\n<p>La agresi\u00f3n fue perpetrada este s\u00e1bado aproximadamente a las 8 horas, en la calle Joaqu\u00edn Amaro, cuando los cuatro oficiales llevaban a su casa al comandante en turno.<\/p>\n\n\n\n<p>En tanto, en este mismo municipio de Tierra Caliente elementos de la Secretar\u00eda de la Defensa Nacional y de la polic\u00eda de Michoac\u00e1n detuvieron a cinco hombres, entre ellos un adolescente, en posesi\u00f3n cinco armas largas de fuego calibre, 670 cartuchos y 24 cargadores.<\/p>\n\n\n\n<p>Mientras que en la calle Hortensia del fraccionamiento La Cantera, municipio de Tar\u00edmbaro, la noche de este viernes dos hombres murieron y otro result\u00f3 lesionado tras el ataque de un grupo armado.<\/p>\n\n\n\n<p>Vecinos dieron parte a las autoridades, luego de escuchar detonaciones de armas de fuego. Los agresores huyeron.<\/p>\n\n\n\n<p>(Informaci\u00f3n de \u201cLa Jornada\u201d)<\/p>\n","protected":false},"excerpt":{"rendered":"<p>Redacci\u00f3n\/Zona Roja Cdmx. Ciudad de M\u00e9xico, a 1 de junio de 2025.- Los cuerpos de&hellip;<\/p>\n","protected":false},"author":2,"featured_media":67804,"comment_status":"closed","ping_status":"open","sticky":false,"template":"","format":"standard","meta":{"_lmt_disableupdate":"","_lmt_disable":"","_jetpack_memberships_contains_paid_content":false,"footnotes":""},"categories":[109,51],"tags":[1746],"class_list":["post-80902","post","type-post","status-publish","format-standard","has-post-thumbnail","hentry","category-minuto-a-minuto","category-zona-roja","tag-violencia-en-mexico"],"jetpack_featured_media_url":"https:\/\/zonaroja.com.mx\/wp-content\/uploads\/2024\/04\/Asesinato-escena-crimen.png.webp","jetpack_sharing_enabled":true,"_links":{"self":[{"href":"https:\/\/zonaroja.com.mx\/index.php?rest_route=\/wp\/v2\/posts\/80902","targetHints":{"allow":["GET"]}}],"collection":[{"href":"https:\/\/zonaroja.com.mx\/index.php?rest_route=\/wp\/v2\/posts"}],"about":[{"href":"https:\/\/zonaroja.com.mx\/index.php?rest_route=\/wp\/v2\/types\/post"}],"author":[{"embeddable":true,"href":"https:\/\/zonaroja.com.mx\/index.php?rest_route=\/wp\/v2\/users\/2"}],"replies":[{"embeddable":true,"href":"https:\/\/zonaroja.com.mx\/index.php?rest_route=%2Fwp%2Fv2%2Fcomments&post=80902"}],"version-history":[{"count":1,"href":"https:\/\/zonaroja.com.mx\/index.php?rest_route=\/wp\/v2\/posts\/80902\/revisions"}],"predecessor-version":[{"id":80903,"href":"https:\/\/zonaroja.com.mx\/index.php?rest_route=\/wp\/v2\/posts\/80902\/revisions\/80903"}],"wp:featuredmedia":[{"embeddable":true,"href":"https:\/\/zonaroja.com.mx\/index.php?rest_route=\/wp\/v2\/media\/67804"}],"wp:attachment":[{"href":"https:\/\/zonaroja.com.mx\/index.php?rest_route=%2Fwp%2Fv2%2Fmedia&parent=80902"}],"wp:term":[{"taxonomy":"category","embeddable":true,"href":"https:\/\/zonaroja.com.mx\/index.php?rest_route=%2Fwp%2Fv2%2Fcategories&post=80902"},{"taxonomy":"post_tag","embeddable":true,"href":"https:\/\/zonaroja.com.mx\/index.php?rest_route=%2Fwp%2Fv2%2Ftags&post=80902"}],"curies":[{"name":"wp","href":"https:\/\/api.w.org\/{rel}","templated":true}]}}