{"id":80917,"date":"2025-06-02T09:15:00","date_gmt":"2025-06-02T15:15:00","guid":{"rendered":"https:\/\/zonaroja.com.mx\/?p=80917"},"modified":"2025-06-02T08:56:33","modified_gmt":"2025-06-02T14:56:33","slug":"comienzan-a-exigir-clases-en-oaxaca-pero-la-cnte-seguira-en-paro","status":"publish","type":"post","link":"https:\/\/zonaroja.com.mx\/?p=80917","title":{"rendered":"Comienzan a exigir clases en Oaxaca\u2026 pero la CNTE seguir\u00e1 en paro"},"content":{"rendered":"\n<p>Ismael Garc\u00eda M.\/Zona Roja.<\/p>\n\n\n\n<p>Oaxaca, Oax., a 2 de junio de 2026.- En Oaxaca ya inicia el clamor de autoridades locales y estudiantes por el inicio de clases; sin embargo, la Coordinadora Nacional de Trabajadores de la Educaci\u00f3n, seguir\u00e1 en paro de labores, por tercera semana.<\/p>\n\n\n\n<p>El ayuntamiento de San Jer\u00f3nimo Tlacochahuaya, que presiden Severiano Agust\u00edn S\u00e1nchez, pidi\u00f3 por escrito a la directora del jard\u00edn de ni\u00f1os \u201cMelchor Ocampo\u201d, iniciar este lunes las actividades educativas.<\/p>\n\n\n\n<p>Ello \u201cante la solicitud reiterada y la creciente presi\u00f3n por parte de los padres de familia y ciudadan\u00eda en general de esta comunidad\u201d.<\/p>\n\n\n\n<p>Sin embargo, luego de que el pasado s\u00e1bado la mayor\u00eda de maestros de las bases magisteriales determinara reanudar labores, la Secci\u00f3n 22 del SNTE y la CNTE determinaron no aceptar dicha resoluci\u00f3n.<\/p>\n\n\n\n<p>Ayer domingo cerca del mediod\u00eda, la secretaria General de la gremial oaxaque\u00f1a reinstal\u00f3 la Asamblea Estatal, para tomar determinaciones acerca de la protesta; sin embargo, menos de tres horas despu\u00e9s, la declar\u00f3 en receso.<\/p>\n\n\n\n<p>En tanto, la Asamblea Nacional Representativa de la CNTE declar\u00f3 continuar las movilizaciones, que iniciaron el 15 de mayo, porque no ha habido respuesta a su demanda principal, que es la abrogaci\u00f3n de la Ley del ISSSTE del a\u00f1o 2007.<\/p>\n\n\n\n<p>Esta ma\u00f1ana, en conferencia de prensa en la capital del pa\u00eds, la dirigencia nacional dar\u00e1 a conocer este rechazo.<\/p>\n\n\n\n<p>La movilizaci\u00f3n en la capital del pa\u00eds inici\u00f3 el pasado 15 de mayo con la participaci\u00f3n de media docena de gremios magisteriales adheridos a la CNTE, entre ellos Oaxaca.<\/p>\n\n\n\n<p>Sin embargo, es esta entidad la que aporta la mayor cantidad de docentes que se ha movilizado en m\u00faltiples ocasiones, lo que ha causado el cierre pr\u00e1cticamente total de las escuelas p\u00fablicas del nivel b\u00e1sico.<\/p>\n\n\n\n<p>La semana pasada, autoridades educativas estatales dieron a conocer que se otorgar\u00e1 m\u00e1s de 800 millones de pesos al magisterio de Oaxaca, pero ello no ha sido reconocido ni aceptado por parte del Comit\u00e9 Ejecutivo Secci\u00f3n o la Comisi\u00f3n Pol\u00edtica.<\/p>\n","protected":false},"excerpt":{"rendered":"<p>Ismael Garc\u00eda M.\/Zona Roja. Oaxaca, Oax., a 2 de junio de 2026.- En Oaxaca ya&hellip;<\/p>\n","protected":false},"author":2,"featured_media":80881,"comment_status":"closed","ping_status":"open","sticky":false,"template":"","format":"standard","meta":{"_lmt_disableupdate":"","_lmt_disable":"","_jetpack_memberships_contains_paid_content":false,"footnotes":""},"categories":[109,47],"tags":[312],"class_list":["post-80917","post","type-post","status-publish","format-standard","has-post-thumbnail","hentry","category-minuto-a-minuto","category-zona-gris","tag-seccion-22-del-snte"],"jetpack_featured_media_url":"https:\/\/zonaroja.com.mx\/wp-content\/uploads\/2025\/06\/Reunion-Seccion-22-del-sNTE-y-gobierno-federal.jpg","jetpack_sharing_enabled":true,"_links":{"self":[{"href":"https:\/\/zonaroja.com.mx\/index.php?rest_route=\/wp\/v2\/posts\/80917","targetHints":{"allow":["GET"]}}],"collection":[{"href":"https:\/\/zonaroja.com.mx\/index.php?rest_route=\/wp\/v2\/posts"}],"about":[{"href":"https:\/\/zonaroja.com.mx\/index.php?rest_route=\/wp\/v2\/types\/post"}],"author":[{"embeddable":true,"href":"https:\/\/zonaroja.com.mx\/index.php?rest_route=\/wp\/v2\/users\/2"}],"replies":[{"embeddable":true,"href":"https:\/\/zonaroja.com.mx\/index.php?rest_route=%2Fwp%2Fv2%2Fcomments&post=80917"}],"version-history":[{"count":1,"href":"https:\/\/zonaroja.com.mx\/index.php?rest_route=\/wp\/v2\/posts\/80917\/revisions"}],"predecessor-version":[{"id":80918,"href":"https:\/\/zonaroja.com.mx\/index.php?rest_route=\/wp\/v2\/posts\/80917\/revisions\/80918"}],"wp:featuredmedia":[{"embeddable":true,"href":"https:\/\/zonaroja.com.mx\/index.php?rest_route=\/wp\/v2\/media\/80881"}],"wp:attachment":[{"href":"https:\/\/zonaroja.com.mx\/index.php?rest_route=%2Fwp%2Fv2%2Fmedia&parent=80917"}],"wp:term":[{"taxonomy":"category","embeddable":true,"href":"https:\/\/zonaroja.com.mx\/index.php?rest_route=%2Fwp%2Fv2%2Fcategories&post=80917"},{"taxonomy":"post_tag","embeddable":true,"href":"https:\/\/zonaroja.com.mx\/index.php?rest_route=%2Fwp%2Fv2%2Ftags&post=80917"}],"curies":[{"name":"wp","href":"https:\/\/api.w.org\/{rel}","templated":true}]}}