{"id":80925,"date":"2025-06-02T15:42:38","date_gmt":"2025-06-02T21:42:38","guid":{"rendered":"https:\/\/zonaroja.com.mx\/?p=80925"},"modified":"2025-06-02T15:42:40","modified_gmt":"2025-06-02T21:42:40","slug":"tendran-legitimidad-electos-en-proceso-judicial-asegura-senador","status":"publish","type":"post","link":"https:\/\/zonaroja.com.mx\/?p=80925","title":{"rendered":"Tendr\u00e1n legitimidad electos en proceso judicial, asegura senador"},"content":{"rendered":"\n<p>Redacci\u00f3n\/Zona Roja.<\/p>\n\n\n\n<p>Oaxaca, Oax., a 2 de junio de 2025.-El senador Antonino Morales Toledo destac\u00f3 los resultados de la elecci\u00f3n y afirm\u00f3 que, con el respaldo de 13 millones de votantes, el Poder Judicial recuperar\u00e1 la fuerza y legitimidad que perdi\u00f3 cuando el Ejecutivo federal designaba a las y los ministros, y el Senado avalaba esas decisiones, incluso cuando los perfiles eran impugnables. &nbsp;<\/p>\n\n\n\n<p>Inform\u00f3 que Oaxaca estuvo por encima de la media nacional de votaci\u00f3n y obtuvo m\u00e1s del 15 por ciento de electores en las urnas este domingo, con regiones como el Istmo donde se alcanz\u00f3 casi el 20 por ciento. &nbsp;<\/p>\n\n\n\n<p>\u00abNos llena de orgullo que Oaxaca se haya consolidado como uno de los estados con mayor participaci\u00f3n en esta elecci\u00f3n hist\u00f3rica, que renueva la esperanza de un Poder Judicial verdaderamente aut\u00f3nomo y comprometido con la justicia, como lo so\u00f1\u00f3 nuestro pr\u00f3cer, Don Benito Ju\u00e1rez. Adem\u00e1s, es un honor que un oaxaque\u00f1o de origen ind\u00edgena, como Hugo Aguilar, nos represente en la Suprema Corte de Justicia de la Naci\u00f3n\u00bb, expres\u00f3 el legislador.&nbsp;<\/p>\n\n\n\n<p>El senador zapoteco record\u00f3 que, en el pasado, el PRI y el PAN impusieron ministros a modo, dando lugar a figuras pol\u00e9micas como el ex procurador priista Eduardo Medina Mora, quien renunci\u00f3 a la Corte ante acusaciones de recibir dep\u00f3sitos millonarios sospechosos en el extranjero y de usar su cargo para desbloquear cuentas de abogados ligados al priismo bajo investigaci\u00f3n. &nbsp;<\/p>\n\n\n\n<p>Se\u00f1al\u00f3 que, en aquel entonces, el Senado recibi\u00f3 m\u00e1s de 50 mil firmas de juristas que rechazaban el nombramiento, argumentando que la C\u00e1mara priorizaba intereses pol\u00edticos sobre la trayectoria y la experiencia de los candidatos. &nbsp;<\/p>\n\n\n\n<p>\u00abEste caso demostr\u00f3 c\u00f3mo el dedazo impon\u00eda ministros, ignorando la voluntad ciudadana. Nadie en el PRI cuestion\u00f3 aquel nombramiento, pero hoy se indignan porque 13 millones de mexicanos han decidido el futuro del Poder Judicial. \u00a1Carecen de verg\u00fcenza y memoria hist\u00f3rica!\u00bb, denunci\u00f3 Morales Toledo. &nbsp;<\/p>\n\n\n\n<p>Adem\u00e1s, critic\u00f3 la actitud de ministros en funciones como Norma Pi\u00f1a y Alfredo Guti\u00e9rrez Ortiz Mena, quienes viajaron al extranjero para cuestionar esta reforma constitucional, pese a haber jurado respetar el marco legal. Ambos fueron propuestos durante los gobiernos de Felipe Calder\u00f3n y Enrique Pe\u00f1a Nieto. &nbsp;<\/p>\n\n\n\n<p>\u00abGuti\u00e9rrez Ortiz Mena pas\u00f3 de recaudador a ministro sin carrera judicial previa. Trabaj\u00f3 en bufetes estadounidenses como Case &amp; White, donde ayud\u00f3 a Banamex a evitar pagar 3,500 millones de d\u00f3lares al erario por la venta de acciones a Citigroup. En 2019, esta acci\u00f3n se document\u00f3 en el Senado. Actualmente, se le acusa de intentar que la Corte ordene ilegalmente al gobierno devolver impuestos m\u00e1s intereses a tres grandes contribuyentes\u00bb, record\u00f3 el morenista. &nbsp; &nbsp;<\/p>\n\n\n\n<p>Subray\u00f3 que, para garantizar que la nueva Corte responda al mandato popular, el Tribunal de Disciplina Judicial deber\u00e1 investigar posibles responsabilidades administrativas de los \u00faltimos ministros designados por dedazo. &nbsp;<\/p>\n\n\n\n<p>Finalmente, indic\u00f3 que el Senado est\u00e1 listo para recibir, en un periodo extraordinario, el paquete de iniciativas que enviar\u00e1 la presidenta Claudia Sheinbaum, incluyendo las leyes secundarias para reglamentar la reforma judicial.<\/p>\n","protected":false},"excerpt":{"rendered":"<p>Redacci\u00f3n\/Zona Roja. Oaxaca, Oax., a 2 de junio de 2025.-El senador Antonino Morales Toledo destac\u00f3&hellip;<\/p>\n","protected":false},"author":2,"featured_media":78869,"comment_status":"closed","ping_status":"open","sticky":false,"template":"","format":"standard","meta":{"_lmt_disableupdate":"","_lmt_disable":"","_jetpack_memberships_contains_paid_content":false,"footnotes":""},"categories":[109,46],"tags":[180],"class_list":["post-80925","post","type-post","status-publish","format-standard","has-post-thumbnail","hentry","category-minuto-a-minuto","category-zona-blanca","tag-antonino-morales-toledo"],"jetpack_featured_media_url":"https:\/\/zonaroja.com.mx\/wp-content\/uploads\/2025\/03\/Antonino-Morales.jpg","jetpack_sharing_enabled":true,"_links":{"self":[{"href":"https:\/\/zonaroja.com.mx\/index.php?rest_route=\/wp\/v2\/posts\/80925","targetHints":{"allow":["GET"]}}],"collection":[{"href":"https:\/\/zonaroja.com.mx\/index.php?rest_route=\/wp\/v2\/posts"}],"about":[{"href":"https:\/\/zonaroja.com.mx\/index.php?rest_route=\/wp\/v2\/types\/post"}],"author":[{"embeddable":true,"href":"https:\/\/zonaroja.com.mx\/index.php?rest_route=\/wp\/v2\/users\/2"}],"replies":[{"embeddable":true,"href":"https:\/\/zonaroja.com.mx\/index.php?rest_route=%2Fwp%2Fv2%2Fcomments&post=80925"}],"version-history":[{"count":1,"href":"https:\/\/zonaroja.com.mx\/index.php?rest_route=\/wp\/v2\/posts\/80925\/revisions"}],"predecessor-version":[{"id":80926,"href":"https:\/\/zonaroja.com.mx\/index.php?rest_route=\/wp\/v2\/posts\/80925\/revisions\/80926"}],"wp:featuredmedia":[{"embeddable":true,"href":"https:\/\/zonaroja.com.mx\/index.php?rest_route=\/wp\/v2\/media\/78869"}],"wp:attachment":[{"href":"https:\/\/zonaroja.com.mx\/index.php?rest_route=%2Fwp%2Fv2%2Fmedia&parent=80925"}],"wp:term":[{"taxonomy":"category","embeddable":true,"href":"https:\/\/zonaroja.com.mx\/index.php?rest_route=%2Fwp%2Fv2%2Fcategories&post=80925"},{"taxonomy":"post_tag","embeddable":true,"href":"https:\/\/zonaroja.com.mx\/index.php?rest_route=%2Fwp%2Fv2%2Ftags&post=80925"}],"curies":[{"name":"wp","href":"https:\/\/api.w.org\/{rel}","templated":true}]}}